{"id":9914,"date":"2021-09-22T21:59:00","date_gmt":"2021-09-22T20:59:00","guid":{"rendered":"http:\/\/petitmagellan.com\/?p=9914"},"modified":"2021-09-22T21:59:00","modified_gmt":"2021-09-22T20:59:00","slug":"examen-des-9-mois","status":"publish","type":"post","link":"https:\/\/petitmagellan.com\/?p=9914","title":{"rendered":"Examen des 9 mois"},"content":{"rendered":"\n<p>En d\u00e9but de semaine Armand a eu son rendez-vous chez le p\u00e9diatre.<\/p>\n\n\n\n<p>Il mesure 74 cm et p\u00e8se 7,9 kg, toujours au-dessus de la moyenne pour la taille et en dessous pour le poids. Rien de particulier \u00e0 signaler apr\u00e8s un examen rapide, tout va bien pour notre b\u00e9b\u00e9.<\/p>\n\n\n\n<figure class=\"wp-block-gallery columns-1 wp-block-gallery-1 is-layout-flex wp-block-gallery-is-layout-flex\"><ul class=\"blocks-gallery-grid\"><li class=\"blocks-gallery-item\"><figure><img decoding=\"async\" src=\"https:\/\/petitmagellan.files.wordpress.com\/2021\/09\/img_5986.jpg\" data-id=\"9951\" class=\"wp-image-9951\" \/><\/figure><\/li><\/ul><\/figure>\n\n\n\n<p>Quant \u00e0 Hugo&#8230; bien qu\u2019il n\u2019ait pas \u00e9t\u00e9 concern\u00e9 par cette visite, il n\u2019\u00e9tait pas du tout rassur\u00e9 et s\u2019est pr\u00e9cipit\u00e9 dehors en courant d\u00e8s que le p\u00e9diatre a ouvert la porte. Je me pr\u00e9pare d\u00e9j\u00e0 \u00e0 la prochaine fois quand nous viendrons pour Armand ET pour lui&#8230;.<\/p>\n","protected":false},"excerpt":{"rendered":"<p>En d\u00e9but de semaine Armand a eu son rendez-vous chez le p\u00e9diatre. Il mesure 74 cm et p\u00e8se 7,9 kg, toujours au-dessus de la moyenne pour la taille et en dessous pour le poids. Rien de particulier \u00e0 signaler apr\u00e8s un examen rapide, tout va bien pour notre b\u00e9b\u00e9. Quant \u00e0 Hugo&#8230; bien qu\u2019il n\u2019ait &hellip; <a href=\"https:\/\/petitmagellan.com\/?p=9914\" class=\"more-link\">Continuer la lecture<span class=\"screen-reader-text\"> de &laquo;&nbsp;Examen des 9 mois&nbsp;&raquo;<\/span><\/a><\/p>\n","protected":false},"author":1,"featured_media":0,"comment_status":"open","ping_status":"open","sticky":false,"template":"","format":"standard","meta":{"footnotes":""},"categories":[2],"tags":[],"class_list":["post-9914","post","type-post","status-publish","format-standard","hentry","category-non-classe"],"_links":{"self":[{"href":"https:\/\/petitmagellan.com\/index.php?rest_route=\/wp\/v2\/posts\/9914","targetHints":{"allow":["GET"]}}],"collection":[{"href":"https:\/\/petitmagellan.com\/index.php?rest_route=\/wp\/v2\/posts"}],"about":[{"href":"https:\/\/petitmagellan.com\/index.php?rest_route=\/wp\/v2\/types\/post"}],"author":[{"embeddable":true,"href":"https:\/\/petitmagellan.com\/index.php?rest_route=\/wp\/v2\/users\/1"}],"replies":[{"embeddable":true,"href":"https:\/\/petitmagellan.com\/index.php?rest_route=%2Fwp%2Fv2%2Fcomments&post=9914"}],"version-history":[{"count":0,"href":"https:\/\/petitmagellan.com\/index.php?rest_route=\/wp\/v2\/posts\/9914\/revisions"}],"wp:attachment":[{"href":"https:\/\/petitmagellan.com\/index.php?rest_route=%2Fwp%2Fv2%2Fmedia&parent=9914"}],"wp:term":[{"taxonomy":"category","embeddable":true,"href":"https:\/\/petitmagellan.com\/index.php?rest_route=%2Fwp%2Fv2%2Fcategories&post=9914"},{"taxonomy":"post_tag","embeddable":true,"href":"https:\/\/petitmagellan.com\/index.php?rest_route=%2Fwp%2Fv2%2Ftags&post=9914"}],"curies":[{"name":"wp","href":"https:\/\/api.w.org\/{rel}","templated":true}]}}