{"id":9846,"date":"2021-09-16T20:07:00","date_gmt":"2021-09-16T19:07:00","guid":{"rendered":"http:\/\/petitmagellan.com\/?p=9846"},"modified":"2021-09-16T20:07:00","modified_gmt":"2021-09-16T19:07:00","slug":"armand-a-9-mois","status":"publish","type":"post","link":"https:\/\/petitmagellan.com\/?p=9846","title":{"rendered":"Armand a 9 mois"},"content":{"rendered":"\n<figure class=\"wp-block-gallery has-nested-images columns-default is-cropped wp-block-gallery-1 is-layout-flex wp-block-gallery-is-layout-flex\">\n<figure class=\"wp-block-image size-large\"><img loading=\"lazy\" decoding=\"async\" width=\"2534\" height=\"2532\" data-id=\"11869\" src=\"https:\/\/petitmagellan.files.wordpress.com\/2022\/04\/dscf2818.jpg?w=1024\" alt=\"\" class=\"wp-image-11869\" srcset=\"https:\/\/petitmagellan.com\/wp-content\/uploads\/2022\/04\/dscf2818.jpg 2534w, https:\/\/petitmagellan.com\/wp-content\/uploads\/2022\/04\/dscf2818-300x300.jpg 300w, https:\/\/petitmagellan.com\/wp-content\/uploads\/2022\/04\/dscf2818-1024x1024.jpg 1024w, https:\/\/petitmagellan.com\/wp-content\/uploads\/2022\/04\/dscf2818-150x150.jpg 150w, https:\/\/petitmagellan.com\/wp-content\/uploads\/2022\/04\/dscf2818-768x767.jpg 768w, https:\/\/petitmagellan.com\/wp-content\/uploads\/2022\/04\/dscf2818-1536x1536.jpg 1536w, https:\/\/petitmagellan.com\/wp-content\/uploads\/2022\/04\/dscf2818-2048x2046.jpg 2048w\" sizes=\"auto, (max-width: 709px) 85vw, (max-width: 909px) 67vw, (max-width: 1362px) 62vw, 840px\" \/><\/figure>\n<\/figure>\n\n\n\n<p>Notre b\u00e9b\u00e9 a d\u00e9j\u00e0 9 mois !<\/p>\n\n\n\n<figure class=\"wp-block-gallery has-nested-images columns-default is-cropped wp-block-gallery-2 is-layout-flex wp-block-gallery-is-layout-flex\">\n<figure class=\"wp-block-image size-large\"><img decoding=\"async\" data-id=\"9828\" src=\"https:\/\/petitmagellan.files.wordpress.com\/2021\/09\/img_4016.jpg\" alt=\"\" class=\"wp-image-9828\" \/><\/figure>\n<\/figure>\n\n\n\n<p>Je savais que tout allait s\u2019acc\u00e9l\u00e9rer vers ses 8-9 mois et \u00e7a se confirme. Depuis lundi, il arrive \u00e0 se mettre debout en s\u2019appuyant aux meubles !<\/p>\n\n\n\n<figure class=\"wp-block-gallery has-nested-images columns-2 is-cropped wp-block-gallery-3 is-layout-flex wp-block-gallery-is-layout-flex\">\n<figure class=\"wp-block-image size-large\"><img decoding=\"async\" data-id=\"9868\" src=\"https:\/\/petitmagellan.files.wordpress.com\/2021\/09\/image-11.jpg\" alt=\"\" class=\"wp-image-9868\" \/><\/figure>\n\n\n\n<figure class=\"wp-block-image size-large\"><img decoding=\"async\" data-id=\"9869\" src=\"https:\/\/petitmagellan.files.wordpress.com\/2021\/09\/img_5930.jpg\" alt=\"\" class=\"wp-image-9869\" \/><\/figure>\n\n\n\n<figure class=\"wp-block-image size-large\"><img loading=\"lazy\" decoding=\"async\" width=\"1980\" height=\"2483\" data-id=\"9877\" src=\"https:\/\/petitmagellan.files.wordpress.com\/2021\/09\/image-1-5.jpg\" alt=\"\" class=\"wp-image-9877\" srcset=\"https:\/\/petitmagellan.com\/wp-content\/uploads\/2021\/09\/image-1-5.jpg 1980w, https:\/\/petitmagellan.com\/wp-content\/uploads\/2021\/09\/image-1-5-239x300.jpg 239w, https:\/\/petitmagellan.com\/wp-content\/uploads\/2021\/09\/image-1-5-817x1024.jpg 817w, https:\/\/petitmagellan.com\/wp-content\/uploads\/2021\/09\/image-1-5-768x963.jpg 768w, https:\/\/petitmagellan.com\/wp-content\/uploads\/2021\/09\/image-1-5-1225x1536.jpg 1225w, https:\/\/petitmagellan.com\/wp-content\/uploads\/2021\/09\/image-1-5-1633x2048.jpg 1633w\" sizes=\"auto, (max-width: 709px) 85vw, (max-width: 909px) 67vw, (max-width: 1362px) 62vw, 840px\" \/><\/figure>\n\n\n\n<figure class=\"wp-block-image size-large\"><img decoding=\"async\" data-id=\"9870\" src=\"https:\/\/petitmagellan.files.wordpress.com\/2021\/09\/img_5932.jpg\" alt=\"\" class=\"wp-image-9870\" \/><\/figure>\n<\/figure>\n\n\n\n<p>Son \u00ab quatre pattes \u00bb (il rampe avec une jambe et fait du quatre pattes avec l\u2019autre) a gagn\u00e9 de la vitesse et il sort maintenant de la pi\u00e8ce o\u00f9 il est pour aller explorer le reste de l\u2019appartement. Il a d\u2019ailleurs commenc\u00e9 \u00e0 toucher les prises et \u00e0 m\u00e2chouiller les livres \u00e0 sa port\u00e9e. Quant \u00e0 nous, on recommence \u00e0 barricader les endroits dangereux !<\/p>\n\n\n\n<figure class=\"wp-block-gallery has-nested-images columns-1 is-cropped wp-block-gallery-4 is-layout-flex wp-block-gallery-is-layout-flex\">\n<figure class=\"wp-block-image size-large\"><img decoding=\"async\" data-id=\"9874\" src=\"https:\/\/petitmagellan.files.wordpress.com\/2021\/09\/img_5661.jpg\" alt=\"\" class=\"wp-image-9874\" \/><\/figure>\n\n\n\n<figure class=\"wp-block-image size-large\"><img decoding=\"async\" data-id=\"9878\" src=\"https:\/\/petitmagellan.files.wordpress.com\/2021\/09\/image-2-2.jpg\" alt=\"\" class=\"wp-image-9878\" \/><\/figure>\n<\/figure>\n\n\n\n<p>Sans surprise, il est ravi de manger \u00e0 table \u00e0 c\u00f4t\u00e9 de nous. Il regarde par la fen\u00eatre et n\u2019arr\u00eate pas d\u2019observer Hugo. Je pense que son grand fr\u00e8re est pour lui la personne la plus int\u00e9ressante et la plus dr\u00f4le au monde haha.<\/p>\n\n\n\n<figure class=\"wp-block-gallery has-nested-images columns-1 is-cropped wp-block-gallery-5 is-layout-flex wp-block-gallery-is-layout-flex\">\n<figure class=\"wp-block-image size-large\"><img decoding=\"async\" data-id=\"9880\" src=\"https:\/\/petitmagellan.files.wordpress.com\/2021\/09\/image-3-2.jpg\" alt=\"\" class=\"wp-image-9880\" \/><\/figure>\n\n\n\n<figure class=\"wp-block-image size-large\"><img decoding=\"async\" data-id=\"9843\" src=\"https:\/\/petitmagellan.files.wordpress.com\/2021\/09\/img_5854.jpg\" alt=\"\" class=\"wp-image-9843\" \/><\/figure>\n<\/figure>\n\n\n\n<p>La nuit, il y a un peu de mieux. Il se r\u00e9veille toujours plusieurs fois mais ne mange plus autant. Il y a m\u00eame eu quelques nuits o\u00f9 il ne s\u2019est r\u00e9veill\u00e9 que deux fois. Et parfois il se rendort tout seul. On progresse !<\/p>\n\n\n\n<figure class=\"wp-block-gallery has-nested-images columns-1 is-cropped wp-block-gallery-6 is-layout-flex wp-block-gallery-is-layout-flex\">\n<figure class=\"wp-block-image size-large\"><img decoding=\"async\" data-id=\"9833\" src=\"https:\/\/petitmagellan.files.wordpress.com\/2021\/09\/img_5848.jpg\" alt=\"\" class=\"wp-image-9833\" \/><\/figure>\n\n\n\n<figure class=\"wp-block-image size-large\"><img decoding=\"async\" data-id=\"9835\" src=\"https:\/\/petitmagellan.files.wordpress.com\/2021\/09\/img_5850.jpg\" alt=\"\" class=\"wp-image-9835\" \/><\/figure>\n<\/figure>\n\n\n\n<p>Et puis Armand, c\u2019est notre b\u00e9b\u00e9 sourire&#8230; Il nous fait craquer avec ses grands sourires super expressifs.<\/p>\n\n\n\n<figure class=\"wp-block-gallery has-nested-images columns-2 is-cropped wp-block-gallery-7 is-layout-flex wp-block-gallery-is-layout-flex\">\n<figure class=\"wp-block-image size-large\"><img decoding=\"async\" data-id=\"9826\" src=\"https:\/\/petitmagellan.files.wordpress.com\/2021\/09\/img_4942.jpg\" alt=\"\" class=\"wp-image-9826\" \/><\/figure>\n\n\n\n<figure class=\"wp-block-image size-large\"><img decoding=\"async\" data-id=\"9824\" src=\"https:\/\/petitmagellan.files.wordpress.com\/2021\/09\/fullsizerender-1.jpg\" alt=\"\" class=\"wp-image-9824\" \/><\/figure>\n\n\n\n<figure class=\"wp-block-image size-large\"><img decoding=\"async\" data-id=\"9881\" src=\"https:\/\/petitmagellan.files.wordpress.com\/2021\/09\/image-4-1.jpg\" alt=\"\" class=\"wp-image-9881\" \/><\/figure>\n\n\n\n<figure class=\"wp-block-image size-large\"><img decoding=\"async\" data-id=\"9882\" src=\"https:\/\/petitmagellan.files.wordpress.com\/2021\/09\/image-5-1.jpg\" alt=\"\" class=\"wp-image-9882\" \/><\/figure>\n<\/figure>\n\n\n\n<p>Joyeux 9 mois \u00e0 notre b\u00e9b\u00e9 et petit fr\u00e8re ador\u00e9 \ud83d\ude42<\/p>\n\n\n\n<figure class=\"wp-block-gallery has-nested-images columns-default is-cropped wp-block-gallery-8 is-layout-flex wp-block-gallery-is-layout-flex\"><\/figure>\n","protected":false},"excerpt":{"rendered":"<p>Notre b\u00e9b\u00e9 a d\u00e9j\u00e0 9 mois ! Je savais que tout allait s\u2019acc\u00e9l\u00e9rer vers ses 8-9 mois et \u00e7a se confirme. Depuis lundi, il arrive \u00e0 se mettre debout en s\u2019appuyant aux meubles ! Son \u00ab quatre pattes \u00bb (il rampe avec une jambe et fait du quatre pattes avec l\u2019autre) a gagn\u00e9 de la &hellip; <a href=\"https:\/\/petitmagellan.com\/?p=9846\" class=\"more-link\">Continuer la lecture<span class=\"screen-reader-text\"> de &laquo;&nbsp;Armand a 9 mois&nbsp;&raquo;<\/span><\/a><\/p>\n","protected":false},"author":1,"featured_media":0,"comment_status":"open","ping_status":"open","sticky":false,"template":"","format":"standard","meta":{"footnotes":""},"categories":[2],"tags":[],"class_list":["post-9846","post","type-post","status-publish","format-standard","hentry","category-non-classe"],"_links":{"self":[{"href":"https:\/\/petitmagellan.com\/index.php?rest_route=\/wp\/v2\/posts\/9846","targetHints":{"allow":["GET"]}}],"collection":[{"href":"https:\/\/petitmagellan.com\/index.php?rest_route=\/wp\/v2\/posts"}],"about":[{"href":"https:\/\/petitmagellan.com\/index.php?rest_route=\/wp\/v2\/types\/post"}],"author":[{"embeddable":true,"href":"https:\/\/petitmagellan.com\/index.php?rest_route=\/wp\/v2\/users\/1"}],"replies":[{"embeddable":true,"href":"https:\/\/petitmagellan.com\/index.php?rest_route=%2Fwp%2Fv2%2Fcomments&post=9846"}],"version-history":[{"count":0,"href":"https:\/\/petitmagellan.com\/index.php?rest_route=\/wp\/v2\/posts\/9846\/revisions"}],"wp:attachment":[{"href":"https:\/\/petitmagellan.com\/index.php?rest_route=%2Fwp%2Fv2%2Fmedia&parent=9846"}],"wp:term":[{"taxonomy":"category","embeddable":true,"href":"https:\/\/petitmagellan.com\/index.php?rest_route=%2Fwp%2Fv2%2Fcategories&post=9846"},{"taxonomy":"post_tag","embeddable":true,"href":"https:\/\/petitmagellan.com\/index.php?rest_route=%2Fwp%2Fv2%2Ftags&post=9846"}],"curies":[{"name":"wp","href":"https:\/\/api.w.org\/{rel}","templated":true}]}}