{"id":936,"date":"2019-09-07T12:18:26","date_gmt":"2019-09-07T11:18:26","guid":{"rendered":"http:\/\/petitmagellan.com\/?p=936"},"modified":"2019-09-07T12:18:26","modified_gmt":"2019-09-07T11:18:26","slug":"hugo-a-4-mois","status":"publish","type":"post","link":"https:\/\/petitmagellan.com\/?p=936","title":{"rendered":"Hugo a 4 mois"},"content":{"rendered":"\n<div class=\"wp-block-image\"><figure class=\"aligncenter size-large\"><img decoding=\"async\" src=\"https:\/\/petitmagellan.files.wordpress.com\/2019\/09\/dsc00292-2.jpg?w=967\" alt=\"\" class=\"wp-image-1034\" \/><\/figure><\/div>\n\n\n\n<p>D\u00e9j\u00e0 4 mois et notre Hugo change ! Physiquement d&rsquo;abord : son petit cr\u00e2ne se d\u00e9garnit de plus en plus. Il \u00e9tait tellement chevelu que c&rsquo;est rigolo de le voir si clairsem\u00e9, il y a comme un effet d\u00e9grad\u00e9 un peu loup\u00e9 \ud83d\ude42<\/p>\n\n\n\n<div class=\"wp-block-image\"><figure class=\"aligncenter size-large is-resized\"><img loading=\"lazy\" decoding=\"async\" src=\"https:\/\/petitmagellan.files.wordpress.com\/2019\/09\/img_2982-1.jpg?w=842\" alt=\"\" class=\"wp-image-958\" width=\"558\" height=\"678\" \/><\/figure><\/div>\n\n\n\n<p>Autre changement : depuis qu&rsquo;il arrive \u00e0 se retourner, il ne tient plus en place. Je tourne le dos quelques secondes et le retrouve comme \u00e7a :<\/p>\n\n\n\n<div class=\"wp-block-image\"><figure class=\"aligncenter size-large is-resized\"><img loading=\"lazy\" decoding=\"async\" src=\"https:\/\/petitmagellan.files.wordpress.com\/2019\/09\/img_2947-1.jpg?w=1024\" alt=\"\" class=\"wp-image-1036\" width=\"558\" height=\"472\" \/><\/figure><\/div>\n\n\n\n<p>Ou comme \u00e7a :<\/p>\n\n\n\n<div class=\"wp-block-image\"><figure class=\"aligncenter size-large is-resized\"><img loading=\"lazy\" decoding=\"async\" src=\"https:\/\/petitmagellan.files.wordpress.com\/2019\/09\/img_2921-1.jpg?w=844\" alt=\"\" class=\"wp-image-959\" width=\"561\" height=\"680\" \/><\/figure><\/div>\n\n\n\n<p>Ou encore comme \u00e7a :<\/p>\n\n\n\n<div class=\"wp-block-image\"><figure class=\"aligncenter size-large is-resized\"><img loading=\"lazy\" decoding=\"async\" src=\"https:\/\/petitmagellan.files.wordpress.com\/2019\/09\/img_2854.jpg?w=768\" alt=\"\" class=\"wp-image-942\" width=\"562\" height=\"749\" \/><\/figure><\/div>\n\n\n\n<p>Il est tellement content et fier de sa derni\u00e8re trouvaille qu&rsquo;il ne s&rsquo;est pas fait prier chez le kin\u00e9 cette semaine. \u00c0 peine pos\u00e9 sur le dos, il a d\u00e9ploy\u00e9 tous ses efforts pour lui montrer de quoi il \u00e9tait capable.<\/p>\n\n\n\n<figure class=\"wp-block-gallery columns-2 is-cropped wp-block-gallery-1 is-layout-flex wp-block-gallery-is-layout-flex\"><ul class=\"blocks-gallery-grid\"><li class=\"blocks-gallery-item\"><figure><img decoding=\"async\" src=\"https:\/\/petitmagellan.files.wordpress.com\/2019\/09\/img_2954.jpg?w=768\" alt=\"\" data-id=\"976\" data-link=\"https:\/\/petitmagellan.com\/img_2954\/\" class=\"wp-image-976\" \/><\/figure><\/li><li class=\"blocks-gallery-item\"><figure><img decoding=\"async\" src=\"https:\/\/petitmagellan.files.wordpress.com\/2019\/09\/img_2957.jpg?w=768\" alt=\"\" data-id=\"977\" data-link=\"https:\/\/petitmagellan.com\/img_2957\/\" class=\"wp-image-977\" \/><\/figure><\/li><\/ul><\/figure>\n\n\n\n<p>Lorsqu&rsquo;il ne gesticule pas ou qu&rsquo;il n&rsquo;essaie pas de s&rsquo;\u00e9chapper de son tapis d&rsquo;\u00e9veil, Hugo \u00ab\u00a0parle\u00a0\u00bb beaucoup (et s&rsquo;\u00e9coute parler) et adore nous regarder discuter.<\/p>\n\n\n\n<div class=\"wp-block-image\"><figure class=\"aligncenter size-large is-resized\"><img loading=\"lazy\" decoding=\"async\" src=\"https:\/\/petitmagellan.files.wordpress.com\/2019\/09\/img_2643.jpg?w=749\" alt=\"\" class=\"wp-image-951\" width=\"556\" height=\"759\" \/><\/figure><\/div>\n\n\n\n<p>Il arrive aussi souvent que je vaque \u00e0 mes occupations et que je me rende compte, au bout d&rsquo;un certain temps, qu&rsquo;il est en train de m&rsquo;observer, tr\u00e8s concentr\u00e9 \ud83d\ude42<\/p>\n\n\n\n<div class=\"wp-block-image\"><figure class=\"aligncenter size-large is-resized\"><img loading=\"lazy\" decoding=\"async\" src=\"https:\/\/petitmagellan.files.wordpress.com\/2019\/09\/img_2926-1.jpg?w=877\" alt=\"\" class=\"wp-image-962\" width=\"559\" height=\"653\" \/><\/figure><\/div>\n\n\n\n<p>Jeudi, les rappels de vaccins ont \u00e9t\u00e9 une simple formalit\u00e9 et son p\u00e9diatre a de nouveau fait le m\u00eame constat : sa courbe de taille s&rsquo;envole (66 cm) et celle du poids stagne un peu (5,8 kg). Toujours aussi longiligne !<\/p>\n\n\n\n<div class=\"wp-block-image\"><figure class=\"aligncenter size-large is-resized\"><img loading=\"lazy\" decoding=\"async\" src=\"https:\/\/petitmagellan.files.wordpress.com\/2019\/09\/img_2814.jpg?w=697\" alt=\"\" class=\"wp-image-1045\" width=\"567\" height=\"831\" \/><\/figure><\/div>\n\n\n\n<p>Pour terminer, nous avons eu le feu vert pour d\u00e9marrer la diversification&#8230; alors on se pr\u00e9pare aux compotes et pur\u00e9es de l\u00e9gumes ! Joyeux 4 mois mon Hugo qui grandit &lt;3<\/p>\n\n\n\n<div class=\"wp-block-image\"><figure class=\"aligncenter size-large is-resized\"><img loading=\"lazy\" decoding=\"async\" src=\"https:\/\/petitmagellan.files.wordpress.com\/2019\/09\/img_2552.jpg?w=800\" alt=\"\" class=\"wp-image-1043\" width=\"594\" height=\"760\" \/><\/figure><\/div>\n","protected":false},"excerpt":{"rendered":"<p>D\u00e9j\u00e0 4 mois et notre Hugo change ! Physiquement d&rsquo;abord : son petit cr\u00e2ne se d\u00e9garnit de plus en plus. Il \u00e9tait tellement chevelu que c&rsquo;est rigolo de le voir si clairsem\u00e9, il y a comme un effet d\u00e9grad\u00e9 un peu loup\u00e9 \ud83d\ude42 Autre changement : depuis qu&rsquo;il arrive \u00e0 se retourner, il ne tient &hellip; <a href=\"https:\/\/petitmagellan.com\/?p=936\" class=\"more-link\">Continuer la lecture<span class=\"screen-reader-text\"> de &laquo;&nbsp;Hugo a 4 mois&nbsp;&raquo;<\/span><\/a><\/p>\n","protected":false},"author":1,"featured_media":0,"comment_status":"open","ping_status":"open","sticky":false,"template":"","format":"standard","meta":{"footnotes":""},"categories":[2],"tags":[],"class_list":["post-936","post","type-post","status-publish","format-standard","hentry","category-non-classe"],"_links":{"self":[{"href":"https:\/\/petitmagellan.com\/index.php?rest_route=\/wp\/v2\/posts\/936","targetHints":{"allow":["GET"]}}],"collection":[{"href":"https:\/\/petitmagellan.com\/index.php?rest_route=\/wp\/v2\/posts"}],"about":[{"href":"https:\/\/petitmagellan.com\/index.php?rest_route=\/wp\/v2\/types\/post"}],"author":[{"embeddable":true,"href":"https:\/\/petitmagellan.com\/index.php?rest_route=\/wp\/v2\/users\/1"}],"replies":[{"embeddable":true,"href":"https:\/\/petitmagellan.com\/index.php?rest_route=%2Fwp%2Fv2%2Fcomments&post=936"}],"version-history":[{"count":0,"href":"https:\/\/petitmagellan.com\/index.php?rest_route=\/wp\/v2\/posts\/936\/revisions"}],"wp:attachment":[{"href":"https:\/\/petitmagellan.com\/index.php?rest_route=%2Fwp%2Fv2%2Fmedia&parent=936"}],"wp:term":[{"taxonomy":"category","embeddable":true,"href":"https:\/\/petitmagellan.com\/index.php?rest_route=%2Fwp%2Fv2%2Fcategories&post=936"},{"taxonomy":"post_tag","embeddable":true,"href":"https:\/\/petitmagellan.com\/index.php?rest_route=%2Fwp%2Fv2%2Ftags&post=936"}],"curies":[{"name":"wp","href":"https:\/\/api.w.org\/{rel}","templated":true}]}}