{"id":9085,"date":"2021-08-16T16:36:00","date_gmt":"2021-08-16T15:36:00","guid":{"rendered":"http:\/\/petitmagellan.com\/?p=9085"},"modified":"2021-08-16T16:36:00","modified_gmt":"2021-08-16T15:36:00","slug":"armand-a-8-mois","status":"publish","type":"post","link":"https:\/\/petitmagellan.com\/?p=9085","title":{"rendered":"Armand a 8 mois"},"content":{"rendered":"\n<figure class=\"wp-block-gallery columns-1 is-cropped wp-block-gallery-1 is-layout-flex wp-block-gallery-is-layout-flex\"><ul class=\"blocks-gallery-grid\"><li class=\"blocks-gallery-item\"><figure><img loading=\"lazy\" decoding=\"async\" width=\"1807\" height=\"1821\" src=\"https:\/\/petitmagellan.files.wordpress.com\/2021\/08\/dscf2759-2.jpg?w=1016\" alt=\"\" data-id=\"9238\" data-link=\"https:\/\/petitmagellan.com\/dscf2759-2\/\" class=\"wp-image-9238\" srcset=\"https:\/\/petitmagellan.com\/wp-content\/uploads\/2021\/08\/dscf2759-2.jpg 1807w, https:\/\/petitmagellan.com\/wp-content\/uploads\/2021\/08\/dscf2759-2-298x300.jpg 298w, https:\/\/petitmagellan.com\/wp-content\/uploads\/2021\/08\/dscf2759-2-1016x1024.jpg 1016w, https:\/\/petitmagellan.com\/wp-content\/uploads\/2021\/08\/dscf2759-2-150x150.jpg 150w, https:\/\/petitmagellan.com\/wp-content\/uploads\/2021\/08\/dscf2759-2-768x774.jpg 768w, https:\/\/petitmagellan.com\/wp-content\/uploads\/2021\/08\/dscf2759-2-1524x1536.jpg 1524w\" sizes=\"auto, (max-width: 709px) 85vw, (max-width: 909px) 67vw, (max-width: 1362px) 62vw, 840px\" \/><\/figure><\/li><\/ul><\/figure>\n\n\n\n<p>Notre Armand est en forme et se remet enfin du vilain rhume que je lui ai donn\u00e9. Il est toujours tr\u00e8s souriant et calme la journ\u00e9e, avant le chaos nocturne et les r\u00e9veils incessants&#8230; Un jour il fera ses nuits, un jour !<\/p>\n\n\n\n<figure class=\"wp-block-gallery columns-2 is-cropped wp-block-gallery-2 is-layout-flex wp-block-gallery-is-layout-flex\"><ul class=\"blocks-gallery-grid\"><li class=\"blocks-gallery-item\"><figure><img decoding=\"async\" src=\"https:\/\/petitmagellan.files.wordpress.com\/2021\/07\/img_2658.jpg\" data-id=\"9083\" class=\"wp-image-9083\" \/><\/figure><\/li><li class=\"blocks-gallery-item\"><figure><img decoding=\"async\" src=\"https:\/\/petitmagellan.files.wordpress.com\/2021\/08\/image-4-1.jpg\" data-id=\"9195\" class=\"wp-image-9195\" \/><\/figure><\/li><li class=\"blocks-gallery-item\"><figure><img decoding=\"async\" src=\"https:\/\/petitmagellan.files.wordpress.com\/2021\/07\/img_2704.jpg\" data-id=\"9084\" class=\"wp-image-9084\" \/><\/figure><\/li><\/ul><\/figure>\n\n\n\n<p>En ce moment, il se fait d\u00e9vorer par les moustiques (je hais ces bestioles) mais, sinon, tout va bien pour lui. Il d\u00e9couvre plein de nouvelles choses, se d\u00e9place toujours bien au sol et a tr\u00e8s bon app\u00e9tit. Son visage commence aussi un peu \u00e0 changer avec sa petite dent et ses cheveux (aux reflets blonds) de plus en plus nombreux. <\/p>\n\n\n\n<figure class=\"wp-block-gallery columns-2 is-cropped wp-block-gallery-3 is-layout-flex wp-block-gallery-is-layout-flex\"><ul class=\"blocks-gallery-grid\"><li class=\"blocks-gallery-item\"><figure><img decoding=\"async\" src=\"https:\/\/petitmagellan.files.wordpress.com\/2021\/08\/image-7.jpg\" data-id=\"9228\" class=\"wp-image-9228\" \/><\/figure><\/li><li class=\"blocks-gallery-item\"><figure><img decoding=\"async\" src=\"https:\/\/petitmagellan.files.wordpress.com\/2021\/07\/img_2998.jpg\" data-id=\"9093\" class=\"wp-image-9093\" \/><\/figure><\/li><li class=\"blocks-gallery-item\"><figure><img decoding=\"async\" src=\"https:\/\/petitmagellan.files.wordpress.com\/2021\/08\/image-3-1.jpg\" data-id=\"9191\" class=\"wp-image-9191\" \/><\/figure><\/li><li class=\"blocks-gallery-item\"><figure><img decoding=\"async\" src=\"https:\/\/petitmagellan.files.wordpress.com\/2021\/08\/image-5-1.jpg\" data-id=\"9202\" class=\"wp-image-9202\" \/><\/figure><\/li><li class=\"blocks-gallery-item\"><figure><img decoding=\"async\" src=\"https:\/\/petitmagellan.files.wordpress.com\/2021\/08\/img_3485.jpg\" data-id=\"9196\" class=\"wp-image-9196\" \/><\/figure><\/li><\/ul><\/figure>\n\n\n\n<p>Concernant la couleur de ses yeux, elle continue de changer selon les jours et on est maintenant plut\u00f4t sur du gris-vert noisette. Nouveau point le mois prochain haha.<\/p>\n\n\n\n<figure class=\"wp-block-gallery columns-1 is-cropped wp-block-gallery-4 is-layout-flex wp-block-gallery-is-layout-flex\"><ul class=\"blocks-gallery-grid\"><li class=\"blocks-gallery-item\"><figure><img decoding=\"async\" src=\"https:\/\/petitmagellan.files.wordpress.com\/2021\/08\/img_3539.jpg\" data-id=\"9200\" class=\"wp-image-9200\" \/><\/figure><\/li><li class=\"blocks-gallery-item\"><figure><img decoding=\"async\" src=\"https:\/\/petitmagellan.files.wordpress.com\/2021\/08\/img_3560.jpg\" data-id=\"9201\" class=\"wp-image-9201\" \/><\/figure><\/li><\/ul><\/figure>\n\n\n\n<p>Et maintenant retour aux vacances d\u2019\u00e9t\u00e9, les premi\u00e8res pour ce petit b\u00e9b\u00e9 aux c\u00f4t\u00e9s de son grand fr\u00e8re qui ne se prive pas pour lui faire des c\u00e2lins \ud83d\ude42<\/p>\n\n\n\n<figure class=\"wp-block-gallery columns-2 is-cropped wp-block-gallery-5 is-layout-flex wp-block-gallery-is-layout-flex\"><ul class=\"blocks-gallery-grid\"><li class=\"blocks-gallery-item\"><figure><img decoding=\"async\" src=\"https:\/\/petitmagellan.files.wordpress.com\/2021\/08\/img_3034.jpg\" data-id=\"9184\" class=\"wp-image-9184\" \/><\/figure><\/li><li class=\"blocks-gallery-item\"><figure><img decoding=\"async\" src=\"https:\/\/petitmagellan.files.wordpress.com\/2021\/08\/image-5.jpg\" data-id=\"9187\" class=\"wp-image-9187\" \/><\/figure><\/li><li class=\"blocks-gallery-item\"><figure><img decoding=\"async\" src=\"https:\/\/petitmagellan.files.wordpress.com\/2021\/08\/image-1-2.jpg\" data-id=\"9188\" class=\"wp-image-9188\" \/><\/figure><\/li><li class=\"blocks-gallery-item\"><figure><img decoding=\"async\" src=\"https:\/\/petitmagellan.files.wordpress.com\/2021\/08\/image-2-1.jpg\" data-id=\"9189\" class=\"wp-image-9189\" \/><\/figure><\/li><\/ul><\/figure>\n\n\n\n<figure class=\"wp-block-gallery columns-1 is-cropped wp-block-gallery-6 is-layout-flex wp-block-gallery-is-layout-flex\"><ul class=\"blocks-gallery-grid\"><li class=\"blocks-gallery-item\"><figure><img decoding=\"async\" src=\"https:\/\/petitmagellan.files.wordpress.com\/2021\/08\/image-6.jpg\" data-id=\"9215\" class=\"wp-image-9215\" \/><\/figure><\/li><li class=\"blocks-gallery-item\"><figure><img decoding=\"async\" src=\"https:\/\/petitmagellan.files.wordpress.com\/2021\/08\/img_3729-1.jpg\" data-id=\"9231\" class=\"wp-image-9231\" \/><\/figure><\/li><\/ul><\/figure>\n\n\n\n<p>Joyeux 8 mois Armand &lt;3<\/p>\n\n\n\n<figure class=\"wp-block-gallery columns-1 is-cropped wp-block-gallery-7 is-layout-flex wp-block-gallery-is-layout-flex\"><ul class=\"blocks-gallery-grid\"><li class=\"blocks-gallery-item\"><figure><img decoding=\"async\" src=\"https:\/\/petitmagellan.files.wordpress.com\/2021\/08\/img_3491.jpg\" data-id=\"9194\" class=\"wp-image-9194\" \/><\/figure><\/li><li class=\"blocks-gallery-item\"><figure><img decoding=\"async\" src=\"https:\/\/petitmagellan.files.wordpress.com\/2021\/08\/img_3494.jpg\" data-id=\"9193\" class=\"wp-image-9193\" \/><\/figure><\/li><\/ul><\/figure>\n","protected":false},"excerpt":{"rendered":"<p>Notre Armand est en forme et se remet enfin du vilain rhume que je lui ai donn\u00e9. Il est toujours tr\u00e8s souriant et calme la journ\u00e9e, avant le chaos nocturne et les r\u00e9veils incessants&#8230; Un jour il fera ses nuits, un jour ! En ce moment, il se fait d\u00e9vorer par les moustiques (je hais &hellip; <a href=\"https:\/\/petitmagellan.com\/?p=9085\" class=\"more-link\">Continuer la lecture<span class=\"screen-reader-text\"> de &laquo;&nbsp;Armand a 8 mois&nbsp;&raquo;<\/span><\/a><\/p>\n","protected":false},"author":1,"featured_media":0,"comment_status":"open","ping_status":"open","sticky":false,"template":"","format":"standard","meta":{"footnotes":""},"categories":[2],"tags":[],"class_list":["post-9085","post","type-post","status-publish","format-standard","hentry","category-non-classe"],"_links":{"self":[{"href":"https:\/\/petitmagellan.com\/index.php?rest_route=\/wp\/v2\/posts\/9085","targetHints":{"allow":["GET"]}}],"collection":[{"href":"https:\/\/petitmagellan.com\/index.php?rest_route=\/wp\/v2\/posts"}],"about":[{"href":"https:\/\/petitmagellan.com\/index.php?rest_route=\/wp\/v2\/types\/post"}],"author":[{"embeddable":true,"href":"https:\/\/petitmagellan.com\/index.php?rest_route=\/wp\/v2\/users\/1"}],"replies":[{"embeddable":true,"href":"https:\/\/petitmagellan.com\/index.php?rest_route=%2Fwp%2Fv2%2Fcomments&post=9085"}],"version-history":[{"count":0,"href":"https:\/\/petitmagellan.com\/index.php?rest_route=\/wp\/v2\/posts\/9085\/revisions"}],"wp:attachment":[{"href":"https:\/\/petitmagellan.com\/index.php?rest_route=%2Fwp%2Fv2%2Fmedia&parent=9085"}],"wp:term":[{"taxonomy":"category","embeddable":true,"href":"https:\/\/petitmagellan.com\/index.php?rest_route=%2Fwp%2Fv2%2Fcategories&post=9085"},{"taxonomy":"post_tag","embeddable":true,"href":"https:\/\/petitmagellan.com\/index.php?rest_route=%2Fwp%2Fv2%2Ftags&post=9085"}],"curies":[{"name":"wp","href":"https:\/\/api.w.org\/{rel}","templated":true}]}}