{"id":8873,"date":"2021-07-13T09:56:00","date_gmt":"2021-07-13T08:56:00","guid":{"rendered":"http:\/\/petitmagellan.com\/?p=8873"},"modified":"2021-07-13T09:56:00","modified_gmt":"2021-07-13T08:56:00","slug":"premiere-baignade","status":"publish","type":"post","link":"https:\/\/petitmagellan.com\/?p=8873","title":{"rendered":"Premi\u00e8re baignade"},"content":{"rendered":"\n<p>La premi\u00e8re de l\u2019\u00e9t\u00e9 pour nous, la premi\u00e8re tout court pour Armand ! <\/p>\n\n\n\n<figure class=\"wp-block-gallery columns-1 is-cropped wp-block-gallery-1 is-layout-flex wp-block-gallery-is-layout-flex\"><ul class=\"blocks-gallery-grid\"><li class=\"blocks-gallery-item\"><figure><img decoding=\"async\" src=\"https:\/\/petitmagellan.files.wordpress.com\/2021\/07\/image-4.jpg\" data-id=\"8886\" class=\"wp-image-8886\" \/><\/figure><\/li><li class=\"blocks-gallery-item\"><figure><img decoding=\"async\" src=\"https:\/\/petitmagellan.files.wordpress.com\/2021\/07\/img_2486-1-1.jpg\" data-id=\"8882\" class=\"wp-image-8882\" \/><\/figure><\/li><\/ul><\/figure>\n\n\n\n<p>Hugo a ador\u00e9 et ne voulait pas partir. Quant \u00e0 Armand il \u00e9tait bien dans l\u2019eau, content et tout calme comme \u00e0 son habitude. Ce b\u00e9b\u00e9 est vraiment trop sage. Un bonheur !<\/p>\n\n\n\n<figure class=\"wp-block-gallery columns-1 is-cropped wp-block-gallery-2 is-layout-flex wp-block-gallery-is-layout-flex\"><ul class=\"blocks-gallery-grid\"><li class=\"blocks-gallery-item\"><figure><img loading=\"lazy\" decoding=\"async\" width=\"1971\" height=\"1478\" src=\"https:\/\/petitmagellan.files.wordpress.com\/2021\/07\/img_2493-2.jpg\" data-id=\"8883\" class=\"wp-image-8883\" srcset=\"https:\/\/petitmagellan.com\/wp-content\/uploads\/2021\/07\/img_2493-2.jpg 1971w, https:\/\/petitmagellan.com\/wp-content\/uploads\/2021\/07\/img_2493-2-300x225.jpg 300w, https:\/\/petitmagellan.com\/wp-content\/uploads\/2021\/07\/img_2493-2-1024x768.jpg 1024w, https:\/\/petitmagellan.com\/wp-content\/uploads\/2021\/07\/img_2493-2-768x576.jpg 768w, https:\/\/petitmagellan.com\/wp-content\/uploads\/2021\/07\/img_2493-2-1536x1152.jpg 1536w\" sizes=\"auto, (max-width: 709px) 85vw, (max-width: 909px) 67vw, (max-width: 1362px) 62vw, 840px\" \/><\/figure><\/li><li class=\"blocks-gallery-item\"><figure><img decoding=\"async\" src=\"https:\/\/petitmagellan.files.wordpress.com\/2021\/07\/image-1-2.jpg\" data-id=\"8893\" class=\"wp-image-8893\" \/><\/figure><\/li><\/ul><\/figure>\n","protected":false},"excerpt":{"rendered":"<p>La premi\u00e8re de l\u2019\u00e9t\u00e9 pour nous, la premi\u00e8re tout court pour Armand ! Hugo a ador\u00e9 et ne voulait pas partir. Quant \u00e0 Armand il \u00e9tait bien dans l\u2019eau, content et tout calme comme \u00e0 son habitude. Ce b\u00e9b\u00e9 est vraiment trop sage. Un bonheur !<\/p>\n","protected":false},"author":1,"featured_media":0,"comment_status":"open","ping_status":"open","sticky":false,"template":"","format":"standard","meta":{"footnotes":""},"categories":[2],"tags":[],"class_list":["post-8873","post","type-post","status-publish","format-standard","hentry","category-non-classe"],"_links":{"self":[{"href":"https:\/\/petitmagellan.com\/index.php?rest_route=\/wp\/v2\/posts\/8873","targetHints":{"allow":["GET"]}}],"collection":[{"href":"https:\/\/petitmagellan.com\/index.php?rest_route=\/wp\/v2\/posts"}],"about":[{"href":"https:\/\/petitmagellan.com\/index.php?rest_route=\/wp\/v2\/types\/post"}],"author":[{"embeddable":true,"href":"https:\/\/petitmagellan.com\/index.php?rest_route=\/wp\/v2\/users\/1"}],"replies":[{"embeddable":true,"href":"https:\/\/petitmagellan.com\/index.php?rest_route=%2Fwp%2Fv2%2Fcomments&post=8873"}],"version-history":[{"count":0,"href":"https:\/\/petitmagellan.com\/index.php?rest_route=\/wp\/v2\/posts\/8873\/revisions"}],"wp:attachment":[{"href":"https:\/\/petitmagellan.com\/index.php?rest_route=%2Fwp%2Fv2%2Fmedia&parent=8873"}],"wp:term":[{"taxonomy":"category","embeddable":true,"href":"https:\/\/petitmagellan.com\/index.php?rest_route=%2Fwp%2Fv2%2Fcategories&post=8873"},{"taxonomy":"post_tag","embeddable":true,"href":"https:\/\/petitmagellan.com\/index.php?rest_route=%2Fwp%2Fv2%2Ftags&post=8873"}],"curies":[{"name":"wp","href":"https:\/\/api.w.org\/{rel}","templated":true}]}}