{"id":8381,"date":"2021-06-16T17:15:00","date_gmt":"2021-06-16T16:15:00","guid":{"rendered":"http:\/\/petitmagellan.com\/?p=8381"},"modified":"2021-06-16T17:15:00","modified_gmt":"2021-06-16T16:15:00","slug":"armand-a-6-mois","status":"publish","type":"post","link":"https:\/\/petitmagellan.com\/?p=8381","title":{"rendered":"Armand a 6 mois"},"content":{"rendered":"\n<figure class=\"wp-block-gallery columns-1 is-cropped wp-block-gallery-1 is-layout-flex wp-block-gallery-is-layout-flex\"><ul class=\"blocks-gallery-grid\"><li class=\"blocks-gallery-item\"><figure><img loading=\"lazy\" decoding=\"async\" width=\"2417\" height=\"2451\" src=\"https:\/\/petitmagellan.files.wordpress.com\/2021\/06\/dscf2643-2.jpg?w=1010\" alt=\"\" data-id=\"8527\" data-link=\"https:\/\/petitmagellan.com\/dscf2643-2\/\" class=\"wp-image-8527\" srcset=\"https:\/\/petitmagellan.com\/wp-content\/uploads\/2021\/06\/dscf2643-2.jpg 2417w, https:\/\/petitmagellan.com\/wp-content\/uploads\/2021\/06\/dscf2643-2-296x300.jpg 296w, https:\/\/petitmagellan.com\/wp-content\/uploads\/2021\/06\/dscf2643-2-1010x1024.jpg 1010w, https:\/\/petitmagellan.com\/wp-content\/uploads\/2021\/06\/dscf2643-2-768x779.jpg 768w, https:\/\/petitmagellan.com\/wp-content\/uploads\/2021\/06\/dscf2643-2-1515x1536.jpg 1515w, https:\/\/petitmagellan.com\/wp-content\/uploads\/2021\/06\/dscf2643-2-2020x2048.jpg 2020w\" sizes=\"auto, (max-width: 709px) 85vw, (max-width: 909px) 67vw, (max-width: 1362px) 62vw, 840px\" \/><\/figure><\/li><\/ul><\/figure>\n\n\n\n<p>Sans surprise, le temps a de nouveau d\u00e9fil\u00e9 et on se demande comment six mois sont d\u00e9j\u00e0 pass\u00e9s depuis la naissance de notre petit b\u00e9b\u00e9.<\/p>\n\n\n\n<p>Armand est fid\u00e8le \u00e0 lui-m\u00eame et toujours calme, soit sur son tapis occup\u00e9 \u00e0 se retourner, soit sur son transat \u00e0 jouer avec ses mains et \u00e0 se bercer tout seul (il arrive m\u00eame \u00e0 le faire avancer tellement il y va fort), soit dans sa poussette, soit sur sa maman ou son papa et jamais loin de son fr\u00e8re qui lui fait tout le temps des \u00ab biyous \u00bb. Hors p\u00e9riodes de coucher\/sommeil, il ne pleure pas !<\/p>\n\n\n\n<figure class=\"wp-block-gallery columns-1 is-cropped wp-block-gallery-2 is-layout-flex wp-block-gallery-is-layout-flex\"><ul class=\"blocks-gallery-grid\"><li class=\"blocks-gallery-item\"><figure><img decoding=\"async\" src=\"https:\/\/petitmagellan.files.wordpress.com\/2021\/06\/img_1056.jpg\" data-id=\"8564\" class=\"wp-image-8564\" \/><\/figure><\/li><\/ul><\/figure>\n\n\n\n<p>Au sujet du sommeil justement, il fait habituellement une petite sieste le matin et\/ou deux l\u2019apr\u00e8s-midi, quand il ne fait pas trop chaud. Le soir c\u2019est plus compliqu\u00e9, il a beaucoup de mal \u00e0 s\u2019endormir avec les temp\u00e9ratures qui ont vite grimp\u00e9. Il se r\u00e9veille ensuite plusieurs fois dans la nuit pour manger mais \u00e7a c\u2019\u00e9tait d\u00e9j\u00e0 le cas avant ! Pauvre b\u00e9b\u00e9 d\u00e9couvre l\u2019\u00e9t\u00e9 et la fournaise&#8230;<\/p>\n\n\n\n<figure class=\"wp-block-gallery columns-2 is-cropped wp-block-gallery-3 is-layout-flex wp-block-gallery-is-layout-flex\"><ul class=\"blocks-gallery-grid\"><li class=\"blocks-gallery-item\"><figure><img decoding=\"async\" src=\"https:\/\/petitmagellan.files.wordpress.com\/2021\/06\/img_1756-1.jpg\" data-id=\"8569\" class=\"wp-image-8569\" \/><\/figure><\/li><li class=\"blocks-gallery-item\"><figure><img decoding=\"async\" src=\"https:\/\/petitmagellan.files.wordpress.com\/2021\/06\/img_1753.jpg\" data-id=\"8532\" class=\"wp-image-8532\" \/><\/figure><\/li><\/ul><\/figure>\n\n\n\n<p>Sinon, ses activit\u00e9s n\u2019ont pas chang\u00e9 et il aime toujours autant toucher ses mains, ses pieds et les mettre \u00e0 la bouche.<\/p>\n\n\n\n<figure class=\"wp-block-gallery columns-2 is-cropped wp-block-gallery-4 is-layout-flex wp-block-gallery-is-layout-flex\"><ul class=\"blocks-gallery-grid\"><li class=\"blocks-gallery-item\"><figure><img decoding=\"async\" src=\"https:\/\/petitmagellan.files.wordpress.com\/2021\/06\/img_1068.jpg\" data-id=\"8565\" class=\"wp-image-8565\" \/><\/figure><\/li><li class=\"blocks-gallery-item\"><figure><img decoding=\"async\" src=\"https:\/\/petitmagellan.files.wordpress.com\/2021\/06\/img_3257.jpg\" data-id=\"8619\" class=\"wp-image-8619\" \/><\/figure><\/li><li class=\"blocks-gallery-item\"><figure><img decoding=\"async\" src=\"https:\/\/petitmagellan.files.wordpress.com\/2021\/05\/img_1275.jpg\" data-id=\"8377\" class=\"wp-image-8377\" \/><\/figure><\/li><li class=\"blocks-gallery-item\"><figure><img decoding=\"async\" src=\"https:\/\/petitmagellan.files.wordpress.com\/2021\/06\/img_1870.jpg\" data-id=\"8541\" class=\"wp-image-8541\" \/><\/figure><\/li><\/ul><\/figure>\n\n\n\n<p>Il rit toujours aux \u00e9clats et tire aussi sa petite langue.<\/p>\n\n\n\n<figure class=\"wp-block-gallery columns-2 is-cropped wp-block-gallery-5 is-layout-flex wp-block-gallery-is-layout-flex\"><ul class=\"blocks-gallery-grid\"><li class=\"blocks-gallery-item\"><figure><img decoding=\"async\" src=\"https:\/\/petitmagellan.files.wordpress.com\/2021\/06\/img_1444.jpg\" data-id=\"8558\" class=\"wp-image-8558\" \/><\/figure><\/li><li class=\"blocks-gallery-item\"><figure><img decoding=\"async\" src=\"https:\/\/petitmagellan.files.wordpress.com\/2021\/06\/img_1413.jpg\" data-id=\"8539\" class=\"wp-image-8539\" \/><\/figure><\/li><li class=\"blocks-gallery-item\"><figure><img decoding=\"async\" src=\"https:\/\/petitmagellan.files.wordpress.com\/2021\/06\/img_1892.jpg\" data-id=\"8536\" class=\"wp-image-8536\" \/><\/figure><\/li><li class=\"blocks-gallery-item\"><figure><img decoding=\"async\" src=\"https:\/\/petitmagellan.files.wordpress.com\/2021\/06\/img_1392.jpg\" data-id=\"8562\" class=\"wp-image-8562\" \/><\/figure><\/li><\/ul><\/figure>\n\n\n\n<p>C\u00f4t\u00e9 motricit\u00e9 il sort l\u00e9g\u00e8rement de son tapis mais ne va jamais bien loin et ne rampe pas encore (ni ne s\u2019asseoit bien s\u00fbr).<\/p>\n\n\n\n<figure class=\"wp-block-gallery columns-2 is-cropped wp-block-gallery-6 is-layout-flex wp-block-gallery-is-layout-flex\"><ul class=\"blocks-gallery-grid\"><li class=\"blocks-gallery-item\"><figure><img decoding=\"async\" src=\"https:\/\/petitmagellan.files.wordpress.com\/2021\/06\/img_1428.jpg\" data-id=\"8538\" class=\"wp-image-8538\" \/><\/figure><\/li><li class=\"blocks-gallery-item\"><figure><img decoding=\"async\" src=\"https:\/\/petitmagellan.files.wordpress.com\/2021\/06\/image-15.jpg\" data-id=\"8577\" class=\"wp-image-8577\" \/><\/figure><\/li><li class=\"blocks-gallery-item\"><figure><img decoding=\"async\" src=\"https:\/\/petitmagellan.files.wordpress.com\/2021\/05\/img_1234.jpg\" data-id=\"8379\" class=\"wp-image-8379\" \/><\/figure><\/li><\/ul><\/figure>\n\n\n\n<p>Les repas solides se passent tr\u00e8s bien. Jusqu\u2019\u00e0 pr\u00e9sent, il a go\u00fbt\u00e9 la carotte, la patate douce, la courgette, la pomme, la banane et la poire. En g\u00e9n\u00e9ral il sourit et s\u2019agite quand la cuill\u00e8re arrive donc je pense qu\u2019il prend plaisir \u00e0 manger \ud83d\ude42<\/p>\n\n\n\n<figure class=\"wp-block-gallery columns-1 is-cropped wp-block-gallery-7 is-layout-flex wp-block-gallery-is-layout-flex\"><ul class=\"blocks-gallery-grid\"><li class=\"blocks-gallery-item\"><figure><img decoding=\"async\" src=\"https:\/\/petitmagellan.files.wordpress.com\/2021\/06\/img_1903-1.jpg\" data-id=\"8580\" class=\"wp-image-8580\" \/><\/figure><\/li><\/ul><\/figure>\n\n\n\n<p>Il porte maintenant du 6 et du 9 mois, m\u00eame s\u2019il passe beaucoup de temps simplement en couche depuis quelques jours. Ses cheveux repoussent tr\u00e8s tr\u00e8s lentement (vraiment tout l\u2019inverse de Hugo) et pas encore de dent en vue.<\/p>\n\n\n\n<figure class=\"wp-block-gallery columns-2 is-cropped wp-block-gallery-8 is-layout-flex wp-block-gallery-is-layout-flex\"><ul class=\"blocks-gallery-grid\"><li class=\"blocks-gallery-item\"><figure><img decoding=\"async\" src=\"https:\/\/petitmagellan.files.wordpress.com\/2021\/05\/img_0978.jpg\" data-id=\"8373\" class=\"wp-image-8373\" \/><\/figure><\/li><li class=\"blocks-gallery-item\"><figure><img decoding=\"async\" src=\"https:\/\/petitmagellan.files.wordpress.com\/2021\/05\/img_1121.jpg\" data-id=\"8380\" class=\"wp-image-8380\" \/><\/figure><\/li><\/ul><\/figure>\n\n\n\n<p>Concernant ses yeux, c\u2019est dr\u00f4le car je suis en train de lui faire faire ses papiers d\u2019identit\u00e9, et le fait de devoir s\u00e9lectionner une couleur a bien mis en lumi\u00e8re le fait qu\u2019on ne sait pas trop justement, de quelle couleur ils sont ! Pour les yeux clairs, plein plein plein de cat\u00e9gories au choix histoire de nous perdre compl\u00e8tement : bleu, bleu-gris, bleu-vert, gris, gris-vert, marron-vert et m\u00eame \u00ab pers \u00bb (avec la pr\u00e9cision \u00ab bleu-vert fonc\u00e9 \u00bb)&#8230; euh pardon ? Jamais entendu ce mot ! Ne sachant que choisir j\u2019ai demand\u00e9 son avis \u00e0 Alex mais je ne me souviens m\u00eame plus de notre choix final haha.<\/p>\n\n\n\n<figure class=\"wp-block-gallery columns-2 is-cropped wp-block-gallery-9 is-layout-flex wp-block-gallery-is-layout-flex\"><ul class=\"blocks-gallery-grid\"><li class=\"blocks-gallery-item\"><figure><img decoding=\"async\" src=\"https:\/\/petitmagellan.files.wordpress.com\/2021\/06\/img_0963.jpg\" data-id=\"8559\" class=\"wp-image-8559\" \/><\/figure><\/li><li class=\"blocks-gallery-item\"><figure><img decoding=\"async\" src=\"https:\/\/petitmagellan.files.wordpress.com\/2021\/06\/img_1403.jpg\" data-id=\"8537\" class=\"wp-image-8537\" \/><\/figure><\/li><li class=\"blocks-gallery-item\"><figure><img decoding=\"async\" src=\"https:\/\/petitmagellan.files.wordpress.com\/2021\/06\/img_1628.jpg\" data-id=\"8566\" class=\"wp-image-8566\" \/><\/figure><\/li><li class=\"blocks-gallery-item\"><figure><img decoding=\"async\" src=\"https:\/\/petitmagellan.files.wordpress.com\/2021\/06\/img_1152.jpg\" data-id=\"8534\" class=\"wp-image-8534\" \/><\/figure><\/li><li class=\"blocks-gallery-item\"><figure><img decoding=\"async\" src=\"https:\/\/petitmagellan.files.wordpress.com\/2021\/05\/img_1270.jpg\" data-id=\"8378\" class=\"wp-image-8378\" \/><\/figure><\/li><li class=\"blocks-gallery-item\"><figure><img decoding=\"async\" src=\"https:\/\/petitmagellan.files.wordpress.com\/2021\/06\/img_1638.jpg\" data-id=\"8535\" class=\"wp-image-8535\" \/><\/figure><\/li><li class=\"blocks-gallery-item\"><figure><img decoding=\"async\" src=\"https:\/\/petitmagellan.files.wordpress.com\/2021\/06\/dscf2627.jpg\" data-id=\"8605\" class=\"wp-image-8605\" \/><\/figure><\/li><li class=\"blocks-gallery-item\"><figure><img decoding=\"async\" src=\"https:\/\/petitmagellan.files.wordpress.com\/2021\/06\/img_1830.jpg\" data-id=\"8531\" class=\"wp-image-8531\" \/><\/figure><\/li><\/ul><\/figure>\n\n\n\n<p>Une chose est s\u00fbre, il nous fait tous craquer \ud83d\ude42<\/p>\n\n\n\n<figure class=\"wp-block-gallery columns-1 is-cropped wp-block-gallery-10 is-layout-flex wp-block-gallery-is-layout-flex\"><ul class=\"blocks-gallery-grid\"><li class=\"blocks-gallery-item\"><figure><img decoding=\"async\" src=\"https:\/\/petitmagellan.files.wordpress.com\/2021\/06\/image-1-3.jpg\" data-id=\"8595\" class=\"wp-image-8595\" \/><\/figure><\/li><\/ul><\/figure>\n\n\n\n<figure class=\"wp-block-gallery columns-2 is-cropped wp-block-gallery-11 is-layout-flex wp-block-gallery-is-layout-flex\"><ul class=\"blocks-gallery-grid\"><li class=\"blocks-gallery-item\"><figure><img decoding=\"async\" src=\"https:\/\/petitmagellan.files.wordpress.com\/2021\/06\/image-3-2.jpg\" data-id=\"8575\" class=\"wp-image-8575\" \/><\/figure><\/li><li class=\"blocks-gallery-item\"><figure><img loading=\"lazy\" decoding=\"async\" width=\"1837\" height=\"2560\" src=\"https:\/\/petitmagellan.files.wordpress.com\/2021\/06\/image-1-2.jpg\" data-id=\"8573\" class=\"wp-image-8573\" srcset=\"https:\/\/petitmagellan.com\/wp-content\/uploads\/2021\/06\/image-1-2.jpg 1837w, https:\/\/petitmagellan.com\/wp-content\/uploads\/2021\/06\/image-1-2-215x300.jpg 215w, https:\/\/petitmagellan.com\/wp-content\/uploads\/2021\/06\/image-1-2-735x1024.jpg 735w, https:\/\/petitmagellan.com\/wp-content\/uploads\/2021\/06\/image-1-2-768x1070.jpg 768w, https:\/\/petitmagellan.com\/wp-content\/uploads\/2021\/06\/image-1-2-1102x1536.jpg 1102w, https:\/\/petitmagellan.com\/wp-content\/uploads\/2021\/06\/image-1-2-1470x2048.jpg 1470w\" sizes=\"auto, (max-width: 709px) 85vw, (max-width: 909px) 67vw, (max-width: 1362px) 62vw, 840px\" \/><\/figure><\/li><\/ul><\/figure>\n\n\n\n<figure class=\"wp-block-gallery columns-1 is-cropped wp-block-gallery-12 is-layout-flex wp-block-gallery-is-layout-flex\"><ul class=\"blocks-gallery-grid\"><li class=\"blocks-gallery-item\"><figure><img decoding=\"async\" src=\"https:\/\/petitmagellan.files.wordpress.com\/2021\/06\/image-2-2.jpg\" data-id=\"8574\" class=\"wp-image-8574\" \/><\/figure><\/li><\/ul><\/figure>\n\n\n\n<p>Joyeux six mois Armand !<\/p>\n\n\n\n<figure class=\"wp-block-gallery columns-1 is-cropped wp-block-gallery-13 is-layout-flex wp-block-gallery-is-layout-flex\"><ul class=\"blocks-gallery-grid\"><li class=\"blocks-gallery-item\"><figure><img loading=\"lazy\" decoding=\"async\" width=\"2544\" height=\"2468\" src=\"https:\/\/petitmagellan.files.wordpress.com\/2021\/06\/dscf2684-1.jpg?w=1024\" alt=\"\" data-id=\"8617\" data-link=\"https:\/\/petitmagellan.com\/dscf2684-1\/\" class=\"wp-image-8617\" srcset=\"https:\/\/petitmagellan.com\/wp-content\/uploads\/2021\/06\/dscf2684-1.jpg 2544w, https:\/\/petitmagellan.com\/wp-content\/uploads\/2021\/06\/dscf2684-1-300x291.jpg 300w, https:\/\/petitmagellan.com\/wp-content\/uploads\/2021\/06\/dscf2684-1-1024x993.jpg 1024w, https:\/\/petitmagellan.com\/wp-content\/uploads\/2021\/06\/dscf2684-1-768x745.jpg 768w, https:\/\/petitmagellan.com\/wp-content\/uploads\/2021\/06\/dscf2684-1-1536x1490.jpg 1536w, https:\/\/petitmagellan.com\/wp-content\/uploads\/2021\/06\/dscf2684-1-2048x1987.jpg 2048w\" sizes=\"auto, (max-width: 709px) 85vw, (max-width: 909px) 67vw, (max-width: 1362px) 62vw, 840px\" \/><\/figure><\/li><\/ul><\/figure>\n","protected":false},"excerpt":{"rendered":"<p>Sans surprise, le temps a de nouveau d\u00e9fil\u00e9 et on se demande comment six mois sont d\u00e9j\u00e0 pass\u00e9s depuis la naissance de notre petit b\u00e9b\u00e9. Armand est fid\u00e8le \u00e0 lui-m\u00eame et toujours calme, soit sur son tapis occup\u00e9 \u00e0 se retourner, soit sur son transat \u00e0 jouer avec ses mains et \u00e0 se bercer tout &hellip; <a href=\"https:\/\/petitmagellan.com\/?p=8381\" class=\"more-link\">Continuer la lecture<span class=\"screen-reader-text\"> de &laquo;&nbsp;Armand a 6 mois&nbsp;&raquo;<\/span><\/a><\/p>\n","protected":false},"author":1,"featured_media":0,"comment_status":"open","ping_status":"open","sticky":false,"template":"","format":"standard","meta":{"footnotes":""},"categories":[2],"tags":[],"class_list":["post-8381","post","type-post","status-publish","format-standard","hentry","category-non-classe"],"_links":{"self":[{"href":"https:\/\/petitmagellan.com\/index.php?rest_route=\/wp\/v2\/posts\/8381","targetHints":{"allow":["GET"]}}],"collection":[{"href":"https:\/\/petitmagellan.com\/index.php?rest_route=\/wp\/v2\/posts"}],"about":[{"href":"https:\/\/petitmagellan.com\/index.php?rest_route=\/wp\/v2\/types\/post"}],"author":[{"embeddable":true,"href":"https:\/\/petitmagellan.com\/index.php?rest_route=\/wp\/v2\/users\/1"}],"replies":[{"embeddable":true,"href":"https:\/\/petitmagellan.com\/index.php?rest_route=%2Fwp%2Fv2%2Fcomments&post=8381"}],"version-history":[{"count":0,"href":"https:\/\/petitmagellan.com\/index.php?rest_route=\/wp\/v2\/posts\/8381\/revisions"}],"wp:attachment":[{"href":"https:\/\/petitmagellan.com\/index.php?rest_route=%2Fwp%2Fv2%2Fmedia&parent=8381"}],"wp:term":[{"taxonomy":"category","embeddable":true,"href":"https:\/\/petitmagellan.com\/index.php?rest_route=%2Fwp%2Fv2%2Fcategories&post=8381"},{"taxonomy":"post_tag","embeddable":true,"href":"https:\/\/petitmagellan.com\/index.php?rest_route=%2Fwp%2Fv2%2Ftags&post=8381"}],"curies":[{"name":"wp","href":"https:\/\/api.w.org\/{rel}","templated":true}]}}