{"id":831,"date":"2019-08-23T18:08:54","date_gmt":"2019-08-23T17:08:54","guid":{"rendered":"http:\/\/petitmagellan.com\/?p=831"},"modified":"2019-08-23T18:08:54","modified_gmt":"2019-08-23T17:08:54","slug":"vacances-en-corse","status":"publish","type":"post","link":"https:\/\/petitmagellan.com\/?p=831","title":{"rendered":"Vacances en Corse"},"content":{"rendered":"\n<p>Mer, montagne, rencontre avec les cousins&#8230; Ce furent deux semaines bien remplies pour Hugo !<\/p>\n\n\n\n<figure class=\"wp-block-gallery columns-2 is-cropped wp-block-gallery-1 is-layout-flex wp-block-gallery-is-layout-flex\"><ul class=\"blocks-gallery-grid\"><li class=\"blocks-gallery-item\"><figure><img decoding=\"async\" src=\"https:\/\/petitmagellan.files.wordpress.com\/2019\/08\/img_2684.jpg\" alt=\"\" data-id=\"857\" data-link=\"https:\/\/petitmagellan.com\/img_2684\/\" class=\"wp-image-857\" \/><\/figure><\/li><li class=\"blocks-gallery-item\"><figure><img decoding=\"async\" src=\"https:\/\/petitmagellan.files.wordpress.com\/2019\/08\/img_2595-1.jpg\" alt=\"\" data-id=\"836\" data-link=\"https:\/\/petitmagellan.com\/img_2595-1\/\" class=\"wp-image-836\" \/><\/figure><\/li><\/ul><\/figure>\n\n\n\n<p>Il a d&rsquo;abord fait beaucoup de balades, un peu partout.<\/p>\n\n\n\n<figure class=\"wp-block-gallery columns-2 is-cropped wp-block-gallery-2 is-layout-flex wp-block-gallery-is-layout-flex\"><ul class=\"blocks-gallery-grid\"><li class=\"blocks-gallery-item\"><figure><img decoding=\"async\" src=\"https:\/\/petitmagellan.files.wordpress.com\/2019\/08\/img_2719-2.jpg\" alt=\"\" data-id=\"844\" data-link=\"https:\/\/petitmagellan.com\/img_2719-2\/\" class=\"wp-image-844\" \/><\/figure><\/li><li class=\"blocks-gallery-item\"><figure><img decoding=\"async\" src=\"https:\/\/petitmagellan.files.wordpress.com\/2019\/08\/img_2518.jpg\" alt=\"\" data-id=\"859\" data-link=\"https:\/\/petitmagellan.com\/img_2518\/\" class=\"wp-image-859\" \/><\/figure><\/li><li class=\"blocks-gallery-item\"><figure><img decoding=\"async\" src=\"https:\/\/petitmagellan.files.wordpress.com\/2019\/08\/img_2783.jpg\" alt=\"\" data-id=\"861\" data-link=\"https:\/\/petitmagellan.com\/img_2783\/\" class=\"wp-image-861\" \/><\/figure><\/li><li class=\"blocks-gallery-item\"><figure><img decoding=\"async\" src=\"https:\/\/petitmagellan.files.wordpress.com\/2019\/08\/img_2637.jpg\" alt=\"\" data-id=\"860\" data-link=\"https:\/\/petitmagellan.com\/img_2637\/\" class=\"wp-image-860\" \/><\/figure><\/li><\/ul><\/figure>\n\n\n\n<p>Au milieu des pins Laricio, il s&rsquo;est retrouv\u00e9 tr\u00e8s petit, m\u00eame dans les bras de son papa.<\/p>\n\n\n\n<figure class=\"wp-block-gallery aligncenter columns-1 is-cropped wp-block-gallery-3 is-layout-flex wp-block-gallery-is-layout-flex\"><ul class=\"blocks-gallery-grid\"><li class=\"blocks-gallery-item\"><figure><img decoding=\"async\" src=\"https:\/\/petitmagellan.files.wordpress.com\/2019\/08\/img_2657-1.jpg\" alt=\"\" data-id=\"868\" class=\"wp-image-868\" \/><\/figure><\/li><\/ul><\/figure>\n\n\n\n<p>Il a aussi fait beaucoup de siestes, comme \u00e0 la plage, berc\u00e9 par le bruit des vagues&#8230;<\/p>\n\n\n\n<figure class=\"wp-block-gallery aligncenter columns-1 is-cropped wp-block-gallery-4 is-layout-flex wp-block-gallery-is-layout-flex\"><ul class=\"blocks-gallery-grid\"><li class=\"blocks-gallery-item\"><figure><img decoding=\"async\" src=\"https:\/\/petitmagellan.files.wordpress.com\/2019\/08\/img_2732.jpg\" alt=\"\" data-id=\"837\" class=\"wp-image-837\" \/><\/figure><\/li><\/ul><\/figure>\n\n\n\n<p>Ou encore en for\u00eat, dans un silence total&#8230;<\/p>\n\n\n\n<div class=\"wp-block-group\"><div class=\"wp-block-group__inner-container is-layout-flow wp-block-group-is-layout-flow\">\n<figure class=\"wp-block-gallery aligncenter columns-1 is-cropped wp-block-gallery-5 is-layout-flex wp-block-gallery-is-layout-flex\"><ul class=\"blocks-gallery-grid\"><li class=\"blocks-gallery-item\"><figure><img decoding=\"async\" src=\"https:\/\/petitmagellan.files.wordpress.com\/2019\/08\/img_2773.jpg?w=768\" alt=\"\" data-id=\"862\" class=\"wp-image-862\" \/><\/figure><\/li><\/ul><\/figure>\n<\/div><\/div>\n\n\n\n<p>Et surtout, il a tremp\u00e9 les pieds dans l&rsquo;eau !!<\/p>\n\n\n\n<figure class=\"wp-block-gallery aligncenter columns-1 is-cropped wp-block-gallery-6 is-layout-flex wp-block-gallery-is-layout-flex\"><ul class=\"blocks-gallery-grid\"><li class=\"blocks-gallery-item\"><figure><img decoding=\"async\" src=\"https:\/\/petitmagellan.files.wordpress.com\/2019\/08\/img_2694-2.jpg\" alt=\"\" data-id=\"858\" class=\"wp-image-858\" \/><\/figure><\/li><\/ul><\/figure>\n\n\n\n<figure class=\"wp-block-gallery aligncenter columns-1 is-cropped wp-block-gallery-7 is-layout-flex wp-block-gallery-is-layout-flex\"><ul class=\"blocks-gallery-grid\"><li class=\"blocks-gallery-item\"><figure><img decoding=\"async\" src=\"https:\/\/petitmagellan.files.wordpress.com\/2019\/08\/img_2698-2.jpg\" alt=\"\" data-id=\"852\" class=\"wp-image-852\" \/><\/figure><\/li><\/ul><\/figure>\n\n\n\n<p>M\u00eame pas impressionn\u00e9 !<\/p>\n\n\n\n<figure class=\"wp-block-gallery columns-2 is-cropped wp-block-gallery-8 is-layout-flex wp-block-gallery-is-layout-flex\"><ul class=\"blocks-gallery-grid\"><li class=\"blocks-gallery-item\"><figure><img decoding=\"async\" src=\"https:\/\/petitmagellan.files.wordpress.com\/2019\/08\/img_2505.jpg\" alt=\"\" data-id=\"854\" data-link=\"https:\/\/petitmagellan.com\/img_2505\/\" class=\"wp-image-854\" \/><\/figure><\/li><li class=\"blocks-gallery-item\"><figure><img decoding=\"async\" src=\"https:\/\/petitmagellan.files.wordpress.com\/2019\/08\/img_2506.jpg\" alt=\"\" data-id=\"855\" data-link=\"https:\/\/petitmagellan.com\/img_2506\/\" class=\"wp-image-855\" \/><\/figure><\/li><\/ul><\/figure>\n\n\n\n<p>Ce coquin en a bien profit\u00e9, c&rsquo;\u00e9tait super \ud83d\ude42<\/p>\n","protected":false},"excerpt":{"rendered":"<p>Mer, montagne, rencontre avec les cousins&#8230; Ce furent deux semaines bien remplies pour Hugo ! Il a d&rsquo;abord fait beaucoup de balades, un peu partout. Au milieu des pins Laricio, il s&rsquo;est retrouv\u00e9 tr\u00e8s petit, m\u00eame dans les bras de son papa. Il a aussi fait beaucoup de siestes, comme \u00e0 la plage, berc\u00e9 par &hellip; <a href=\"https:\/\/petitmagellan.com\/?p=831\" class=\"more-link\">Continuer la lecture<span class=\"screen-reader-text\"> de &laquo;&nbsp;Vacances en Corse&nbsp;&raquo;<\/span><\/a><\/p>\n","protected":false},"author":1,"featured_media":0,"comment_status":"open","ping_status":"open","sticky":false,"template":"","format":"standard","meta":{"footnotes":""},"categories":[2],"tags":[],"class_list":["post-831","post","type-post","status-publish","format-standard","hentry","category-non-classe"],"_links":{"self":[{"href":"https:\/\/petitmagellan.com\/index.php?rest_route=\/wp\/v2\/posts\/831","targetHints":{"allow":["GET"]}}],"collection":[{"href":"https:\/\/petitmagellan.com\/index.php?rest_route=\/wp\/v2\/posts"}],"about":[{"href":"https:\/\/petitmagellan.com\/index.php?rest_route=\/wp\/v2\/types\/post"}],"author":[{"embeddable":true,"href":"https:\/\/petitmagellan.com\/index.php?rest_route=\/wp\/v2\/users\/1"}],"replies":[{"embeddable":true,"href":"https:\/\/petitmagellan.com\/index.php?rest_route=%2Fwp%2Fv2%2Fcomments&post=831"}],"version-history":[{"count":0,"href":"https:\/\/petitmagellan.com\/index.php?rest_route=\/wp\/v2\/posts\/831\/revisions"}],"wp:attachment":[{"href":"https:\/\/petitmagellan.com\/index.php?rest_route=%2Fwp%2Fv2%2Fmedia&parent=831"}],"wp:term":[{"taxonomy":"category","embeddable":true,"href":"https:\/\/petitmagellan.com\/index.php?rest_route=%2Fwp%2Fv2%2Fcategories&post=831"},{"taxonomy":"post_tag","embeddable":true,"href":"https:\/\/petitmagellan.com\/index.php?rest_route=%2Fwp%2Fv2%2Ftags&post=831"}],"curies":[{"name":"wp","href":"https:\/\/api.w.org\/{rel}","templated":true}]}}