{"id":8198,"date":"2021-05-16T19:15:00","date_gmt":"2021-05-16T18:15:00","guid":{"rendered":"http:\/\/petitmagellan.com\/?p=8198"},"modified":"2021-05-16T19:15:00","modified_gmt":"2021-05-16T18:15:00","slug":"armand-a-5-mois","status":"publish","type":"post","link":"https:\/\/petitmagellan.com\/?p=8198","title":{"rendered":"Armand a 5 mois"},"content":{"rendered":"\n<figure class=\"wp-block-gallery columns-1 is-cropped wp-block-gallery-1 is-layout-flex wp-block-gallery-is-layout-flex\"><ul class=\"blocks-gallery-grid\"><li class=\"blocks-gallery-item\"><figure><img loading=\"lazy\" decoding=\"async\" width=\"2254\" height=\"2226\" src=\"https:\/\/petitmagellan.files.wordpress.com\/2021\/05\/dscf2592.jpg?w=1024\" alt=\"\" data-id=\"8207\" data-link=\"https:\/\/petitmagellan.com\/dscf2592\/\" class=\"wp-image-8207\" srcset=\"https:\/\/petitmagellan.com\/wp-content\/uploads\/2021\/05\/dscf2592.jpg 2254w, https:\/\/petitmagellan.com\/wp-content\/uploads\/2021\/05\/dscf2592-300x296.jpg 300w, https:\/\/petitmagellan.com\/wp-content\/uploads\/2021\/05\/dscf2592-1024x1011.jpg 1024w, https:\/\/petitmagellan.com\/wp-content\/uploads\/2021\/05\/dscf2592-768x758.jpg 768w, https:\/\/petitmagellan.com\/wp-content\/uploads\/2021\/05\/dscf2592-1536x1517.jpg 1536w, https:\/\/petitmagellan.com\/wp-content\/uploads\/2021\/05\/dscf2592-2048x2023.jpg 2048w\" sizes=\"auto, (max-width: 709px) 85vw, (max-width: 909px) 67vw, (max-width: 1362px) 62vw, 840px\" \/><\/figure><\/li><\/ul><\/figure>\n\n\n\n<p>Joyeux 5 mois \u00e0 notre petit Armand !<\/p>\n\n\n\n<figure class=\"wp-block-gallery columns-1 is-cropped wp-block-gallery-2 is-layout-flex wp-block-gallery-is-layout-flex\"><ul class=\"blocks-gallery-grid\"><li class=\"blocks-gallery-item\"><figure><img decoding=\"async\" src=\"https:\/\/petitmagellan.files.wordpress.com\/2021\/05\/dscf2581.jpg?w=1024\" alt=\"\" data-id=\"8209\" data-link=\"https:\/\/petitmagellan.com\/dscf2581\/\" class=\"wp-image-8209\" \/><\/figure><\/li><\/ul><\/figure>\n\n\n\n<p>Ce b\u00e9b\u00e9 re\u00e7oit de l\u2019amour du matin au soir et il adooore \u00e7a \ud83d\ude42<\/p>\n\n\n\n<figure class=\"wp-block-gallery columns-2 is-cropped wp-block-gallery-3 is-layout-flex wp-block-gallery-is-layout-flex\"><ul class=\"blocks-gallery-grid\"><li class=\"blocks-gallery-item\"><figure><img decoding=\"async\" src=\"https:\/\/petitmagellan.files.wordpress.com\/2021\/05\/img_0451.jpg\" data-id=\"8186\" class=\"wp-image-8186\" \/><\/figure><\/li><li class=\"blocks-gallery-item\"><figure><img decoding=\"async\" src=\"https:\/\/petitmagellan.files.wordpress.com\/2021\/05\/img_0448.jpg\" data-id=\"8191\" class=\"wp-image-8191\" \/><\/figure><\/li><li class=\"blocks-gallery-item\"><figure><img decoding=\"async\" src=\"https:\/\/petitmagellan.files.wordpress.com\/2021\/05\/img_0698.jpg\" data-id=\"8194\" class=\"wp-image-8194\" \/><\/figure><\/li><li class=\"blocks-gallery-item\"><figure><img decoding=\"async\" src=\"https:\/\/petitmagellan.files.wordpress.com\/2021\/05\/img_0700.jpg\" data-id=\"8197\" class=\"wp-image-8197\" \/><\/figure><\/li><\/ul><\/figure>\n\n\n\n<p>Il bouge de plus en plus et commence doucement \u00e0 s\u2019aventurer hors de son tapis.<\/p>\n\n\n\n<figure class=\"wp-block-gallery columns-2 is-cropped wp-block-gallery-4 is-layout-flex wp-block-gallery-is-layout-flex\"><ul class=\"blocks-gallery-grid\"><li class=\"blocks-gallery-item\"><figure><img decoding=\"async\" src=\"https:\/\/petitmagellan.files.wordpress.com\/2021\/05\/img_9913.jpg\" data-id=\"8189\" class=\"wp-image-8189\" \/><\/figure><\/li><li class=\"blocks-gallery-item\"><figure><img decoding=\"async\" src=\"https:\/\/petitmagellan.files.wordpress.com\/2021\/05\/img_0855.jpg\" data-id=\"8222\" class=\"wp-image-8222\" \/><\/figure><\/li><li class=\"blocks-gallery-item\"><figure><img decoding=\"async\" src=\"https:\/\/petitmagellan.files.wordpress.com\/2021\/05\/img_0857.jpg\" data-id=\"8223\" class=\"wp-image-8223\" \/><\/figure><\/li><\/ul><\/figure>\n\n\n\n<p>Il est toujours fascin\u00e9 par ses mains et les hochets\/balles\/jouets qu\u2019il manipule. Il pousse d\u2019ailleurs des petits g\u00e9missements et louche un peu quand il est tr\u00e8s concentr\u00e9 haha.<\/p>\n\n\n\n<figure class=\"wp-block-gallery columns-2 is-cropped wp-block-gallery-5 is-layout-flex wp-block-gallery-is-layout-flex\"><ul class=\"blocks-gallery-grid\"><li class=\"blocks-gallery-item\"><figure><img decoding=\"async\" src=\"https:\/\/petitmagellan.files.wordpress.com\/2021\/05\/image-1-3.jpg\" data-id=\"8248\" class=\"wp-image-8248\" \/><\/figure><\/li><li class=\"blocks-gallery-item\"><figure><img decoding=\"async\" src=\"https:\/\/petitmagellan.files.wordpress.com\/2021\/05\/img_0598.jpg\" data-id=\"8183\" class=\"wp-image-8183\" \/><\/figure><\/li><\/ul><\/figure>\n\n\n\n<p>Il remplit bien ses v\u00eatements taille 6 mois et ses cheveux, qu\u2019il avait presque tous perdus, commencent \u00e0 repousser. Quant \u00e0 la couleur de ses yeux, elle change selon les jours : on alterne entre le bleu-gris, le bleu fonc\u00e9 et le vert.<\/p>\n\n\n\n<figure class=\"wp-block-gallery columns-1 is-cropped wp-block-gallery-6 is-layout-flex wp-block-gallery-is-layout-flex\"><ul class=\"blocks-gallery-grid\"><li class=\"blocks-gallery-item\"><figure><img decoding=\"async\" src=\"https:\/\/petitmagellan.files.wordpress.com\/2021\/05\/img_0311.jpg\" data-id=\"8177\" class=\"wp-image-8177\" \/><\/figure><\/li><\/ul><\/figure>\n\n\n\n<figure class=\"wp-block-gallery columns-2 is-cropped wp-block-gallery-7 is-layout-flex wp-block-gallery-is-layout-flex\"><ul class=\"blocks-gallery-grid\"><li class=\"blocks-gallery-item\"><figure><img decoding=\"async\" src=\"https:\/\/petitmagellan.files.wordpress.com\/2021\/05\/img_9963.jpg\" data-id=\"8192\" class=\"wp-image-8192\" \/><\/figure><\/li><li class=\"blocks-gallery-item\"><figure><img decoding=\"async\" src=\"https:\/\/petitmagellan.files.wordpress.com\/2021\/05\/img_0648.jpg\" data-id=\"8196\" class=\"wp-image-8196\" \/><\/figure><\/li><\/ul><\/figure>\n\n\n\n<figure class=\"wp-block-gallery columns-1 is-cropped wp-block-gallery-8 is-layout-flex wp-block-gallery-is-layout-flex\"><ul class=\"blocks-gallery-grid\"><li class=\"blocks-gallery-item\"><figure><img decoding=\"async\" src=\"https:\/\/petitmagellan.files.wordpress.com\/2021\/05\/img_0425.jpg\" data-id=\"8182\" class=\"wp-image-8182\" \/><\/figure><\/li><\/ul><\/figure>\n\n\n\n<p>Et la nuit&#8230; le fameux sujet des nuits&#8230; Comment dire&#8230; Armand se r\u00e9veille <em>toutes les heures<\/em> depuis trois semaines. Pour manger bien s\u00fbr. Oui monsieur !<\/p>\n\n\n\n<figure class=\"wp-block-gallery columns-1 is-cropped wp-block-gallery-9 is-layout-flex wp-block-gallery-is-layout-flex\"><ul class=\"blocks-gallery-grid\"><li class=\"blocks-gallery-item\"><figure><img decoding=\"async\" src=\"https:\/\/petitmagellan.files.wordpress.com\/2021\/05\/img_0340.jpg\" data-id=\"8185\" class=\"wp-image-8185\" \/><\/figure><\/li><\/ul><\/figure>\n\n\n\n<p>La belle vie ! \ud83d\ude42<\/p>\n\n\n\n<figure class=\"wp-block-gallery columns-1 is-cropped wp-block-gallery-10 is-layout-flex wp-block-gallery-is-layout-flex\"><ul class=\"blocks-gallery-grid\"><li class=\"blocks-gallery-item\"><figure><img decoding=\"async\" src=\"https:\/\/petitmagellan.files.wordpress.com\/2021\/05\/image-8.jpg\" data-id=\"8259\" class=\"wp-image-8259\" \/><\/figure><\/li><li class=\"blocks-gallery-item\"><figure><img decoding=\"async\" src=\"https:\/\/petitmagellan.files.wordpress.com\/2021\/05\/dsc_3986.jpg?w=1024\" alt=\"\" data-id=\"8212\" data-link=\"https:\/\/petitmagellan.com\/dsc_3986\/\" class=\"wp-image-8212\" \/><\/figure><\/li><\/ul><\/figure>\n","protected":false},"excerpt":{"rendered":"<p>Joyeux 5 mois \u00e0 notre petit Armand ! Ce b\u00e9b\u00e9 re\u00e7oit de l\u2019amour du matin au soir et il adooore \u00e7a \ud83d\ude42 Il bouge de plus en plus et commence doucement \u00e0 s\u2019aventurer hors de son tapis. Il est toujours fascin\u00e9 par ses mains et les hochets\/balles\/jouets qu\u2019il manipule. Il pousse d\u2019ailleurs des petits g\u00e9missements &hellip; <a href=\"https:\/\/petitmagellan.com\/?p=8198\" class=\"more-link\">Continuer la lecture<span class=\"screen-reader-text\"> de &laquo;&nbsp;Armand a 5 mois&nbsp;&raquo;<\/span><\/a><\/p>\n","protected":false},"author":1,"featured_media":0,"comment_status":"open","ping_status":"open","sticky":false,"template":"","format":"standard","meta":{"footnotes":""},"categories":[2],"tags":[],"class_list":["post-8198","post","type-post","status-publish","format-standard","hentry","category-non-classe"],"_links":{"self":[{"href":"https:\/\/petitmagellan.com\/index.php?rest_route=\/wp\/v2\/posts\/8198","targetHints":{"allow":["GET"]}}],"collection":[{"href":"https:\/\/petitmagellan.com\/index.php?rest_route=\/wp\/v2\/posts"}],"about":[{"href":"https:\/\/petitmagellan.com\/index.php?rest_route=\/wp\/v2\/types\/post"}],"author":[{"embeddable":true,"href":"https:\/\/petitmagellan.com\/index.php?rest_route=\/wp\/v2\/users\/1"}],"replies":[{"embeddable":true,"href":"https:\/\/petitmagellan.com\/index.php?rest_route=%2Fwp%2Fv2%2Fcomments&post=8198"}],"version-history":[{"count":0,"href":"https:\/\/petitmagellan.com\/index.php?rest_route=\/wp\/v2\/posts\/8198\/revisions"}],"wp:attachment":[{"href":"https:\/\/petitmagellan.com\/index.php?rest_route=%2Fwp%2Fv2%2Fmedia&parent=8198"}],"wp:term":[{"taxonomy":"category","embeddable":true,"href":"https:\/\/petitmagellan.com\/index.php?rest_route=%2Fwp%2Fv2%2Fcategories&post=8198"},{"taxonomy":"post_tag","embeddable":true,"href":"https:\/\/petitmagellan.com\/index.php?rest_route=%2Fwp%2Fv2%2Ftags&post=8198"}],"curies":[{"name":"wp","href":"https:\/\/api.w.org\/{rel}","templated":true}]}}