{"id":8026,"date":"2021-05-07T21:38:00","date_gmt":"2021-05-07T20:38:00","guid":{"rendered":"http:\/\/petitmagellan.com\/?p=8026"},"modified":"2021-05-07T21:38:00","modified_gmt":"2021-05-07T20:38:00","slug":"joyeux-anniversaire-hugo","status":"publish","type":"post","link":"https:\/\/petitmagellan.com\/?p=8026","title":{"rendered":"Joyeux anniversaire Hugo !"},"content":{"rendered":"\n<p>Notre amour a eu deux ans aujourd\u2019hui &lt;3<\/p>\n\n\n\n<figure class=\"wp-block-gallery columns-1 is-cropped wp-block-gallery-1 is-layout-flex wp-block-gallery-is-layout-flex\"><ul class=\"blocks-gallery-grid\"><li class=\"blocks-gallery-item\"><figure><img decoding=\"async\" src=\"https:\/\/petitmagellan.files.wordpress.com\/2021\/05\/img_0532-1.jpg\" data-id=\"8091\" class=\"wp-image-8091\" \/><\/figure><\/li><li class=\"blocks-gallery-item\"><figure><img decoding=\"async\" src=\"https:\/\/petitmagellan.files.wordpress.com\/2021\/05\/img_0519-1.jpg\" data-id=\"8090\" class=\"wp-image-8090\" \/><\/figure><\/li><li class=\"blocks-gallery-item\"><figure><img decoding=\"async\" src=\"https:\/\/petitmagellan.files.wordpress.com\/2021\/05\/img_0533-1.jpg\" data-id=\"8092\" class=\"wp-image-8092\" \/><\/figure><\/li><\/ul><\/figure>\n\n\n\n<figure class=\"wp-block-gallery columns-2 is-cropped wp-block-gallery-2 is-layout-flex wp-block-gallery-is-layout-flex\"><ul class=\"blocks-gallery-grid\"><li class=\"blocks-gallery-item\"><figure><img decoding=\"async\" src=\"https:\/\/petitmagellan.files.wordpress.com\/2021\/05\/img_0544.jpg\" data-id=\"8080\" class=\"wp-image-8080\" \/><\/figure><\/li><li class=\"blocks-gallery-item\"><figure><img decoding=\"async\" src=\"https:\/\/petitmagellan.files.wordpress.com\/2021\/05\/img_0547.jpg\" data-id=\"8073\" class=\"wp-image-8073\" \/><\/figure><\/li><\/ul><\/figure>\n\n\n\n<p>En deux ans, Hugo a eu le temps de d\u00e9couvrir beaucoup de choses. Voici un petit r\u00e9sum\u00e9 de ce qu\u2019il aime le plus : sa t\u00e9tine et ses doudous, ses livres, les petites voitures, les bus, sa trottinette, manger des fruits, surtout les \u00ab nananes \u00bb, r\u00e9p\u00e9ter dix fois de suite le m\u00eame mot ou la m\u00eame phrase, jouer avec l\u2019eau, allumer\/toucher les appareils \u00e9lectroniques et \u00e9lectrom\u00e9nagers, jouer \u00e0 cache-cache, danser et, bien s\u00fbr, faire des bisous et des c\u00e2lins \u00e0 Armand et aux autres enfants.<\/p>\n\n\n\n<figure class=\"wp-block-gallery columns-1 is-cropped wp-block-gallery-3 is-layout-flex wp-block-gallery-is-layout-flex\"><ul class=\"blocks-gallery-grid\"><li class=\"blocks-gallery-item\"><figure><img decoding=\"async\" src=\"https:\/\/petitmagellan.files.wordpress.com\/2021\/05\/img_0196.jpg\" data-id=\"8023\" class=\"wp-image-8023\" \/><\/figure><\/li><li class=\"blocks-gallery-item\"><figure><img decoding=\"async\" src=\"https:\/\/petitmagellan.files.wordpress.com\/2021\/05\/img_0375.jpg\" data-id=\"8024\" class=\"wp-image-8024\" \/><\/figure><\/li><li class=\"blocks-gallery-item\"><figure><img decoding=\"async\" src=\"https:\/\/petitmagellan.files.wordpress.com\/2021\/05\/image-1-1.jpg\" data-id=\"8058\" class=\"wp-image-8058\" \/><\/figure><\/li><li class=\"blocks-gallery-item\"><figure><img decoding=\"async\" src=\"https:\/\/petitmagellan.files.wordpress.com\/2021\/05\/img_0412.jpg\" data-id=\"8049\" class=\"wp-image-8049\" \/><\/figure><\/li><\/ul><\/figure>\n\n\n\n<p>Ce fut une journ\u00e9e bien remplie et on continue de f\u00eater \u00e7a demain !<\/p>\n\n\n\n<figure class=\"wp-block-gallery columns-1 is-cropped wp-block-gallery-4 is-layout-flex wp-block-gallery-is-layout-flex\"><ul class=\"blocks-gallery-grid\"><li class=\"blocks-gallery-item\"><figure><img decoding=\"async\" src=\"https:\/\/petitmagellan.files.wordpress.com\/2021\/05\/img_0500.jpg\" data-id=\"8082\" class=\"wp-image-8082\" \/><\/figure><\/li><li class=\"blocks-gallery-item\"><figure><img decoding=\"async\" src=\"https:\/\/petitmagellan.files.wordpress.com\/2021\/05\/img_0508.jpg\" data-id=\"8084\" class=\"wp-image-8084\" \/><\/figure><\/li><li class=\"blocks-gallery-item\"><figure><img decoding=\"async\" src=\"https:\/\/petitmagellan.files.wordpress.com\/2021\/05\/img_0488-1.jpg\" data-id=\"8081\" class=\"wp-image-8081\" \/><\/figure><\/li><\/ul><\/figure>\n","protected":false},"excerpt":{"rendered":"<p>Notre amour a eu deux ans aujourd\u2019hui &lt;3 En deux ans, Hugo a eu le temps de d\u00e9couvrir beaucoup de choses. Voici un petit r\u00e9sum\u00e9 de ce qu\u2019il aime le plus : sa t\u00e9tine et ses doudous, ses livres, les petites voitures, les bus, sa trottinette, manger des fruits, surtout les \u00ab nananes \u00bb, r\u00e9p\u00e9ter &hellip; <a href=\"https:\/\/petitmagellan.com\/?p=8026\" class=\"more-link\">Continuer la lecture<span class=\"screen-reader-text\"> de &laquo;&nbsp;Joyeux anniversaire Hugo !&nbsp;&raquo;<\/span><\/a><\/p>\n","protected":false},"author":1,"featured_media":0,"comment_status":"open","ping_status":"open","sticky":false,"template":"","format":"standard","meta":{"footnotes":""},"categories":[2],"tags":[],"class_list":["post-8026","post","type-post","status-publish","format-standard","hentry","category-non-classe"],"_links":{"self":[{"href":"https:\/\/petitmagellan.com\/index.php?rest_route=\/wp\/v2\/posts\/8026","targetHints":{"allow":["GET"]}}],"collection":[{"href":"https:\/\/petitmagellan.com\/index.php?rest_route=\/wp\/v2\/posts"}],"about":[{"href":"https:\/\/petitmagellan.com\/index.php?rest_route=\/wp\/v2\/types\/post"}],"author":[{"embeddable":true,"href":"https:\/\/petitmagellan.com\/index.php?rest_route=\/wp\/v2\/users\/1"}],"replies":[{"embeddable":true,"href":"https:\/\/petitmagellan.com\/index.php?rest_route=%2Fwp%2Fv2%2Fcomments&post=8026"}],"version-history":[{"count":0,"href":"https:\/\/petitmagellan.com\/index.php?rest_route=\/wp\/v2\/posts\/8026\/revisions"}],"wp:attachment":[{"href":"https:\/\/petitmagellan.com\/index.php?rest_route=%2Fwp%2Fv2%2Fmedia&parent=8026"}],"wp:term":[{"taxonomy":"category","embeddable":true,"href":"https:\/\/petitmagellan.com\/index.php?rest_route=%2Fwp%2Fv2%2Fcategories&post=8026"},{"taxonomy":"post_tag","embeddable":true,"href":"https:\/\/petitmagellan.com\/index.php?rest_route=%2Fwp%2Fv2%2Ftags&post=8026"}],"curies":[{"name":"wp","href":"https:\/\/api.w.org\/{rel}","templated":true}]}}