{"id":7981,"date":"2021-04-29T16:07:00","date_gmt":"2021-04-29T15:07:00","guid":{"rendered":"http:\/\/petitmagellan.com\/?p=7981"},"modified":"2021-04-29T16:07:00","modified_gmt":"2021-04-29T15:07:00","slug":"montagnes-russes","status":"publish","type":"post","link":"https:\/\/petitmagellan.com\/?p=7981","title":{"rendered":"Montagnes russes"},"content":{"rendered":"\n<p>Depuis quelques jours Hugo est entr\u00e9 dans une phase assez mouvement\u00e9e &#8211; j\u2019ai un peu lu sur le sujet et je crois que nous sommes en pleine \u00ab crise des deux ans \u00bb !<\/p>\n\n\n\n<p>Bien qu\u2019il parle beaucoup avec ses mots \u00e0 lui, son langage n\u2019est pas encore suffisamment d\u00e9velopp\u00e9 et ne lui permet pas de s\u2019exprimer comme il le voudrait. Donc&#8230; \u00e0 la moindre \u00e9motion, envie, demande, contrari\u00e9t\u00e9, etc., il s\u2019\u00e9nerve, crie, pleure et donne m\u00eame des coups. Il r\u00e9pond tr\u00e8s souvent non, veut tout et son contraire, pique des col\u00e8res pour un rien et me fait de gros c\u00e2lins et des bisous juste apr\u00e8s m\u2019avoir cri\u00e9 dessus. \u00c7a ressemble un peu \u00e0 des montagnes russes, il faut s\u2019accrocher !!<\/p>\n\n\n\n<p>Bien s\u00fbr il alterne avec des phases o\u00f9 il redevient \u00ab normal \u00bb haha, c\u00e2lineux et tr\u00e8s attentionn\u00e9. Comme quand il apporte \u00ab quelques \u00bb jouets \u00e0 Armand, et m\u00eame ses doudous ador\u00e9s.<\/p>\n\n\n\n<figure class=\"wp-block-gallery columns-1 is-cropped wp-block-gallery-1 is-layout-flex wp-block-gallery-is-layout-flex\"><ul class=\"blocks-gallery-grid\"><li class=\"blocks-gallery-item\"><figure><img decoding=\"async\" src=\"https:\/\/petitmagellan.files.wordpress.com\/2021\/04\/img_9999.jpg\" data-id=\"8003\" class=\"wp-image-8003\" \/><\/figure><\/li><li class=\"blocks-gallery-item\"><figure><img decoding=\"async\" src=\"https:\/\/petitmagellan.files.wordpress.com\/2021\/04\/img_0243.jpg\" data-id=\"7985\" class=\"wp-image-7985\" \/><\/figure><\/li><\/ul><\/figure>\n\n\n\n<p>Ou quand il installe un petit animal sur sa chaise haute et qu\u2019il va lui chercher un dessert dans le frigo.<\/p>\n\n\n\n<figure class=\"wp-block-gallery columns-1 is-cropped wp-block-gallery-2 is-layout-flex wp-block-gallery-is-layout-flex\"><ul class=\"blocks-gallery-grid\"><li class=\"blocks-gallery-item\"><figure><img decoding=\"async\" src=\"https:\/\/petitmagellan.files.wordpress.com\/2021\/04\/img_9923-1.jpg\" data-id=\"7984\" class=\"wp-image-7984\" \/><\/figure><\/li><\/ul><\/figure>\n\n\n\n<p>Ou encore quand il prend une lingette pour nettoyer par terre apr\u00e8s avoir mang\u00e9 (mais qui peut-il bien imiter haha ?).<\/p>\n\n\n\n<figure class=\"wp-block-gallery columns-1 is-cropped wp-block-gallery-3 is-layout-flex wp-block-gallery-is-layout-flex\"><ul class=\"blocks-gallery-grid\"><li class=\"blocks-gallery-item\"><figure><img decoding=\"async\" src=\"https:\/\/petitmagellan.files.wordpress.com\/2021\/04\/img_0176.jpg\" data-id=\"7983\" class=\"wp-image-7983\" \/><\/figure><\/li><\/ul><\/figure>\n\n\n\n<p>Ahh la gestion des \u00e9motions&#8230; Pas facile en ce moment pour mon Hugo. Esp\u00e9rons que tout cela ne dure pas (trop) longtemps !<\/p>\n","protected":false},"excerpt":{"rendered":"<p>Depuis quelques jours Hugo est entr\u00e9 dans une phase assez mouvement\u00e9e &#8211; j\u2019ai un peu lu sur le sujet et je crois que nous sommes en pleine \u00ab crise des deux ans \u00bb ! Bien qu\u2019il parle beaucoup avec ses mots \u00e0 lui, son langage n\u2019est pas encore suffisamment d\u00e9velopp\u00e9 et ne lui permet pas &hellip; <a href=\"https:\/\/petitmagellan.com\/?p=7981\" class=\"more-link\">Continuer la lecture<span class=\"screen-reader-text\"> de &laquo;&nbsp;Montagnes russes&nbsp;&raquo;<\/span><\/a><\/p>\n","protected":false},"author":1,"featured_media":0,"comment_status":"open","ping_status":"open","sticky":false,"template":"","format":"standard","meta":{"footnotes":""},"categories":[2],"tags":[],"class_list":["post-7981","post","type-post","status-publish","format-standard","hentry","category-non-classe"],"_links":{"self":[{"href":"https:\/\/petitmagellan.com\/index.php?rest_route=\/wp\/v2\/posts\/7981","targetHints":{"allow":["GET"]}}],"collection":[{"href":"https:\/\/petitmagellan.com\/index.php?rest_route=\/wp\/v2\/posts"}],"about":[{"href":"https:\/\/petitmagellan.com\/index.php?rest_route=\/wp\/v2\/types\/post"}],"author":[{"embeddable":true,"href":"https:\/\/petitmagellan.com\/index.php?rest_route=\/wp\/v2\/users\/1"}],"replies":[{"embeddable":true,"href":"https:\/\/petitmagellan.com\/index.php?rest_route=%2Fwp%2Fv2%2Fcomments&post=7981"}],"version-history":[{"count":0,"href":"https:\/\/petitmagellan.com\/index.php?rest_route=\/wp\/v2\/posts\/7981\/revisions"}],"wp:attachment":[{"href":"https:\/\/petitmagellan.com\/index.php?rest_route=%2Fwp%2Fv2%2Fmedia&parent=7981"}],"wp:term":[{"taxonomy":"category","embeddable":true,"href":"https:\/\/petitmagellan.com\/index.php?rest_route=%2Fwp%2Fv2%2Fcategories&post=7981"},{"taxonomy":"post_tag","embeddable":true,"href":"https:\/\/petitmagellan.com\/index.php?rest_route=%2Fwp%2Fv2%2Ftags&post=7981"}],"curies":[{"name":"wp","href":"https:\/\/api.w.org\/{rel}","templated":true}]}}