{"id":7779,"date":"2021-04-13T21:10:00","date_gmt":"2021-04-13T20:10:00","guid":{"rendered":"http:\/\/petitmagellan.com\/?p=7779"},"modified":"2021-04-13T21:10:00","modified_gmt":"2021-04-13T20:10:00","slug":"examen-des-4-mois","status":"publish","type":"post","link":"https:\/\/petitmagellan.com\/?p=7779","title":{"rendered":"Examen des 4 mois"},"content":{"rendered":"\n<p>On \u00e9tait de retour chez le p\u00e9diatre cet apr\u00e8s-midi.<\/p>\n\n\n\n<figure class=\"wp-block-gallery columns-1 is-cropped wp-block-gallery-1 is-layout-flex wp-block-gallery-is-layout-flex\"><ul class=\"blocks-gallery-grid\"><li class=\"blocks-gallery-item\"><figure><img decoding=\"async\" src=\"https:\/\/petitmagellan.files.wordpress.com\/2021\/04\/image-2-2.jpg\" data-id=\"7806\" class=\"wp-image-7806\" \/><\/figure><\/li><\/ul><\/figure>\n\n\n\n<p>Armand grandit bien. Il mesure 64,5 cm et p\u00e8se 6,380 kg. C\u2019est marrant car \u00e0 chaque pes\u00e9e, il y a toujours un \u00e9cart exact de 500 g avec Hugo au m\u00eame \u00e2ge. Et je le ressens &#8211; \u00e7a tire plus sur les \u00e9paules avec Armand en porte-b\u00e9b\u00e9 !<\/p>\n\n\n\n<figure class=\"wp-block-gallery columns-1 is-cropped wp-block-gallery-2 is-layout-flex wp-block-gallery-is-layout-flex\"><ul class=\"blocks-gallery-grid\"><li class=\"blocks-gallery-item\"><figure><img decoding=\"async\" src=\"https:\/\/petitmagellan.files.wordpress.com\/2021\/04\/img_9741.jpg\" data-id=\"7787\" class=\"wp-image-7787\" \/><\/figure><\/li><\/ul><\/figure>\n\n\n\n<p>Pour r\u00e9sumer l\u2019examen et les vaccins : inqui\u00e9tude et pleurs  (\u00ab il est \u00e9mu \u00bb a dit son p\u00e9diatre).<\/p>\n\n\n\n<p>Apr\u00e8s : un Armand heureux !<\/p>\n\n\n\n<figure class=\"wp-block-gallery columns-1 is-cropped wp-block-gallery-3 is-layout-flex wp-block-gallery-is-layout-flex\"><ul class=\"blocks-gallery-grid\"><li class=\"blocks-gallery-item\"><figure><img decoding=\"async\" src=\"https:\/\/petitmagellan.files.wordpress.com\/2021\/04\/image-5.jpg\" data-id=\"7799\" class=\"wp-image-7799\" \/><\/figure><\/li><\/ul><\/figure>\n","protected":false},"excerpt":{"rendered":"<p>On \u00e9tait de retour chez le p\u00e9diatre cet apr\u00e8s-midi. Armand grandit bien. Il mesure 64,5 cm et p\u00e8se 6,380 kg. C\u2019est marrant car \u00e0 chaque pes\u00e9e, il y a toujours un \u00e9cart exact de 500 g avec Hugo au m\u00eame \u00e2ge. Et je le ressens &#8211; \u00e7a tire plus sur les \u00e9paules avec Armand en &hellip; <a href=\"https:\/\/petitmagellan.com\/?p=7779\" class=\"more-link\">Continuer la lecture<span class=\"screen-reader-text\"> de &laquo;&nbsp;Examen des 4 mois&nbsp;&raquo;<\/span><\/a><\/p>\n","protected":false},"author":1,"featured_media":0,"comment_status":"open","ping_status":"open","sticky":false,"template":"","format":"standard","meta":{"footnotes":""},"categories":[2],"tags":[],"class_list":["post-7779","post","type-post","status-publish","format-standard","hentry","category-non-classe"],"_links":{"self":[{"href":"https:\/\/petitmagellan.com\/index.php?rest_route=\/wp\/v2\/posts\/7779","targetHints":{"allow":["GET"]}}],"collection":[{"href":"https:\/\/petitmagellan.com\/index.php?rest_route=\/wp\/v2\/posts"}],"about":[{"href":"https:\/\/petitmagellan.com\/index.php?rest_route=\/wp\/v2\/types\/post"}],"author":[{"embeddable":true,"href":"https:\/\/petitmagellan.com\/index.php?rest_route=\/wp\/v2\/users\/1"}],"replies":[{"embeddable":true,"href":"https:\/\/petitmagellan.com\/index.php?rest_route=%2Fwp%2Fv2%2Fcomments&post=7779"}],"version-history":[{"count":0,"href":"https:\/\/petitmagellan.com\/index.php?rest_route=\/wp\/v2\/posts\/7779\/revisions"}],"wp:attachment":[{"href":"https:\/\/petitmagellan.com\/index.php?rest_route=%2Fwp%2Fv2%2Fmedia&parent=7779"}],"wp:term":[{"taxonomy":"category","embeddable":true,"href":"https:\/\/petitmagellan.com\/index.php?rest_route=%2Fwp%2Fv2%2Fcategories&post=7779"},{"taxonomy":"post_tag","embeddable":true,"href":"https:\/\/petitmagellan.com\/index.php?rest_route=%2Fwp%2Fv2%2Ftags&post=7779"}],"curies":[{"name":"wp","href":"https:\/\/api.w.org\/{rel}","templated":true}]}}