{"id":7602,"date":"2021-04-05T21:27:00","date_gmt":"2021-04-05T20:27:00","guid":{"rendered":"http:\/\/petitmagellan.com\/?p=7602"},"modified":"2021-04-05T21:27:00","modified_gmt":"2021-04-05T20:27:00","slug":"paques-2","status":"publish","type":"post","link":"https:\/\/petitmagellan.com\/?p=7602","title":{"rendered":"P\u00e2ques"},"content":{"rendered":"\n<figure class=\"wp-block-gallery columns-2 is-cropped wp-block-gallery-1 is-layout-flex wp-block-gallery-is-layout-flex\"><ul class=\"blocks-gallery-grid\"><li class=\"blocks-gallery-item\"><figure><img decoding=\"async\" src=\"https:\/\/petitmagellan.files.wordpress.com\/2021\/04\/img_9223.jpg\" data-id=\"7598\" class=\"wp-image-7598\" \/><\/figure><\/li><li class=\"blocks-gallery-item\"><figure><img decoding=\"async\" src=\"https:\/\/petitmagellan.files.wordpress.com\/2021\/04\/img_9225.jpg\" data-id=\"7597\" class=\"wp-image-7597\" \/><\/figure><\/li><li class=\"blocks-gallery-item\"><figure><img decoding=\"async\" src=\"https:\/\/petitmagellan.files.wordpress.com\/2021\/04\/img_9224.jpg\" data-id=\"7596\" class=\"wp-image-7596\" \/><\/figure><\/li><\/ul><\/figure>\n\n\n\n<p>Comme la concentration d\u2019un enfant de moins de 2 ans est assez limit\u00e9e, Hugo s\u2019est vite lass\u00e9 de la d\u00e9coration des \u0153ufs de P\u00e2ques et c\u2019est moi qui les ai presque tous peints. Je suis plut\u00f4t contente du r\u00e9sultat haha.<\/p>\n\n\n\n<figure class=\"wp-block-gallery columns-1 is-cropped wp-block-gallery-2 is-layout-flex wp-block-gallery-is-layout-flex\"><ul class=\"blocks-gallery-grid\"><li class=\"blocks-gallery-item\"><figure><img decoding=\"async\" src=\"https:\/\/petitmagellan.files.wordpress.com\/2021\/04\/img_9232.jpg\" data-id=\"7600\" class=\"wp-image-7600\" \/><\/figure><\/li><li class=\"blocks-gallery-item\"><figure><img decoding=\"async\" src=\"https:\/\/petitmagellan.files.wordpress.com\/2021\/04\/img_9264.jpg\" data-id=\"7605\" class=\"wp-image-7605\" \/><\/figure><\/li><\/ul><\/figure>\n\n\n\n<p>Il a en revanche ador\u00e9 sa premi\u00e8re chasse aux \u0153ufs et le go\u00fbter qui a suivi.<\/p>\n\n\n\n<figure class=\"wp-block-gallery columns-2 is-cropped wp-block-gallery-3 is-layout-flex wp-block-gallery-is-layout-flex\"><ul class=\"blocks-gallery-grid\"><li class=\"blocks-gallery-item\"><figure><img decoding=\"async\" src=\"https:\/\/petitmagellan.files.wordpress.com\/2021\/04\/image.jpg\" data-id=\"7630\" class=\"wp-image-7630\" \/><\/figure><\/li><li class=\"blocks-gallery-item\"><figure><img decoding=\"async\" src=\"https:\/\/petitmagellan.files.wordpress.com\/2021\/04\/image-1.jpg\" data-id=\"7631\" class=\"wp-image-7631\" \/><\/figure><\/li><li class=\"blocks-gallery-item\"><figure><img decoding=\"async\" src=\"https:\/\/petitmagellan.files.wordpress.com\/2021\/04\/img_9262.jpg\" data-id=\"7613\" class=\"wp-image-7613\" \/><\/figure><\/li><li class=\"blocks-gallery-item\"><figure><img decoding=\"async\" src=\"https:\/\/petitmagellan.files.wordpress.com\/2021\/04\/img_9261.jpg\" data-id=\"7612\" class=\"wp-image-7612\" \/><\/figure><\/li><li class=\"blocks-gallery-item\"><figure><img decoding=\"async\" src=\"https:\/\/petitmagellan.files.wordpress.com\/2021\/04\/image-2.jpg\" data-id=\"7632\" class=\"wp-image-7632\" \/><\/figure><\/li><\/ul><\/figure>\n\n\n\n<p>Joyeuses P\u00e2ques !<\/p>\n\n\n\n<figure class=\"wp-block-gallery columns-1 is-cropped wp-block-gallery-4 is-layout-flex wp-block-gallery-is-layout-flex\"><ul class=\"blocks-gallery-grid\"><li class=\"blocks-gallery-item\"><figure><img decoding=\"async\" src=\"https:\/\/petitmagellan.files.wordpress.com\/2021\/04\/img_9323.jpg\" data-id=\"7618\" class=\"wp-image-7618\" \/><\/figure><\/li><li class=\"blocks-gallery-item\"><figure><img decoding=\"async\" src=\"https:\/\/petitmagellan.files.wordpress.com\/2021\/04\/img_9328.jpg\" data-id=\"7619\" class=\"wp-image-7619\" \/><\/figure><\/li><\/ul><\/figure>\n","protected":false},"excerpt":{"rendered":"<p>Comme la concentration d\u2019un enfant de moins de 2 ans est assez limit\u00e9e, Hugo s\u2019est vite lass\u00e9 de la d\u00e9coration des \u0153ufs de P\u00e2ques et c\u2019est moi qui les ai presque tous peints. Je suis plut\u00f4t contente du r\u00e9sultat haha. Il a en revanche ador\u00e9 sa premi\u00e8re chasse aux \u0153ufs et le go\u00fbter qui a &hellip; <a href=\"https:\/\/petitmagellan.com\/?p=7602\" class=\"more-link\">Continuer la lecture<span class=\"screen-reader-text\"> de &laquo;&nbsp;P\u00e2ques&nbsp;&raquo;<\/span><\/a><\/p>\n","protected":false},"author":1,"featured_media":0,"comment_status":"open","ping_status":"open","sticky":false,"template":"","format":"standard","meta":{"footnotes":""},"categories":[2],"tags":[],"class_list":["post-7602","post","type-post","status-publish","format-standard","hentry","category-non-classe"],"_links":{"self":[{"href":"https:\/\/petitmagellan.com\/index.php?rest_route=\/wp\/v2\/posts\/7602","targetHints":{"allow":["GET"]}}],"collection":[{"href":"https:\/\/petitmagellan.com\/index.php?rest_route=\/wp\/v2\/posts"}],"about":[{"href":"https:\/\/petitmagellan.com\/index.php?rest_route=\/wp\/v2\/types\/post"}],"author":[{"embeddable":true,"href":"https:\/\/petitmagellan.com\/index.php?rest_route=\/wp\/v2\/users\/1"}],"replies":[{"embeddable":true,"href":"https:\/\/petitmagellan.com\/index.php?rest_route=%2Fwp%2Fv2%2Fcomments&post=7602"}],"version-history":[{"count":0,"href":"https:\/\/petitmagellan.com\/index.php?rest_route=\/wp\/v2\/posts\/7602\/revisions"}],"wp:attachment":[{"href":"https:\/\/petitmagellan.com\/index.php?rest_route=%2Fwp%2Fv2%2Fmedia&parent=7602"}],"wp:term":[{"taxonomy":"category","embeddable":true,"href":"https:\/\/petitmagellan.com\/index.php?rest_route=%2Fwp%2Fv2%2Fcategories&post=7602"},{"taxonomy":"post_tag","embeddable":true,"href":"https:\/\/petitmagellan.com\/index.php?rest_route=%2Fwp%2Fv2%2Ftags&post=7602"}],"curies":[{"name":"wp","href":"https:\/\/api.w.org\/{rel}","templated":true}]}}