{"id":728,"date":"2019-08-07T18:25:00","date_gmt":"2019-08-07T17:25:00","guid":{"rendered":"http:\/\/petitmagellan.com\/?p=728"},"modified":"2019-08-07T18:25:00","modified_gmt":"2019-08-07T17:25:00","slug":"hugo-a-3-mois","status":"publish","type":"post","link":"https:\/\/petitmagellan.com\/?p=728","title":{"rendered":"Hugo a 3 mois"},"content":{"rendered":"\n<div class=\"wp-block-image\"><figure class=\"aligncenter size-large is-resized\"><img loading=\"lazy\" decoding=\"async\" src=\"https:\/\/petitmagellan.files.wordpress.com\/2019\/08\/dsc00232-4.jpg\" alt=\"\" class=\"wp-image-811\" width=\"651\" height=\"703\" \/><\/figure><\/div>\n\n\n\n<p>La semaine derni\u00e8re, Hugo mesurait 62 cm et pesait 5,3 kg : long et fin a dit le p\u00e9diatre ! Et pour preuve, la plupart de ses habits taille 1 mois lui vont encore (eh oui) tandis que la taille 3 mois fait une entr\u00e9e timide dans sa garde-robe.<\/p>\n\n\n\n<div class=\"wp-block-image\"><figure class=\"aligncenter size-large is-resized\"><img loading=\"lazy\" decoding=\"async\" src=\"https:\/\/petitmagellan.files.wordpress.com\/2019\/08\/img_2325-2.jpg\" alt=\"\" class=\"wp-image-805\" width=\"648\" height=\"1038\" \/><\/figure><\/div>\n\n\n\n<p>Les sourires et les \u00ab areu \u00bb se comptent d\u00e9sormais par dizaines chaque jour et notre Hugo sourit aussi face au miroir (\u00e0 nous et \u00e0 lui-m\u00eame). Il doit sans doute trouver tr\u00e8s mignon le b\u00e9b\u00e9 qui se tient devant lui&#8230; \ud83d\ude42<\/p>\n\n\n\n<div class=\"wp-block-image\"><figure class=\"aligncenter is-resized\"><img loading=\"lazy\" decoding=\"async\" src=\"https:\/\/petitmagellan.files.wordpress.com\/2019\/08\/img_2308-2.jpg\" alt=\"\" class=\"wp-image-790\" width=\"643\" height=\"780\" \/><\/figure><\/div>\n\n\n\n<p>Toujours tr\u00e8s tonique, il tient \u00e9galement tr\u00e8s bien sa t\u00eate lorsqu&rsquo;il est contre nous ou sur le ventre. Depuis quelques temps, il l\u00e8ve et observe aussi son bras gauche et le pr\u00e9f\u00e8re quand on lui tend un objet. Sera-t-il gaucher comme son papa ??<\/p>\n\n\n\n<div class=\"wp-block-group\"><div class=\"wp-block-group__inner-container is-layout-flow wp-block-group-is-layout-flow\">\n<figure class=\"wp-block-gallery columns-2 is-cropped wp-block-gallery-1 is-layout-flex wp-block-gallery-is-layout-flex\"><ul class=\"blocks-gallery-grid\"><li class=\"blocks-gallery-item\"><figure><img decoding=\"async\" src=\"https:\/\/petitmagellan.files.wordpress.com\/2019\/08\/img_2383.jpg\" alt=\"\" data-id=\"774\" data-link=\"https:\/\/petitmagellan.com\/img_2383\/\" class=\"wp-image-774\" \/><\/figure><\/li><li class=\"blocks-gallery-item\"><figure><img decoding=\"async\" src=\"https:\/\/petitmagellan.files.wordpress.com\/2019\/08\/img_2442-2.jpg\" alt=\"\" data-id=\"792\" data-link=\"https:\/\/petitmagellan.com\/img_2442-2\/\" class=\"wp-image-792\" \/><\/figure><\/li><li class=\"blocks-gallery-item\"><figure><img decoding=\"async\" src=\"https:\/\/petitmagellan.files.wordpress.com\/2019\/08\/img_2450-1.jpg\" alt=\"\" data-id=\"793\" data-link=\"https:\/\/petitmagellan.com\/img_2450-1\/\" class=\"wp-image-793\" \/><\/figure><\/li><li class=\"blocks-gallery-item\"><figure><img decoding=\"async\" src=\"https:\/\/petitmagellan.files.wordpress.com\/2019\/08\/img_2394-3.jpg\" alt=\"\" data-id=\"784\" data-link=\"https:\/\/petitmagellan.com\/img_2394-3\/\" class=\"wp-image-784\" \/><\/figure><\/li><\/ul><\/figure>\n<\/div><\/div>\n\n\n\n<p>Autre surprise pour nous : lors de la deuxi\u00e8me canicule, nous sommes de nouveau all\u00e9s \u00e0 la campagne et Hugo y a fait sa premi\u00e8re nuit, sans interruption de 22h \u00e0 6h ! Cela ne s&rsquo;est plus jamais reproduit mais je garde espoir. Quant \u00e0 son sommeil en journ\u00e9e, cela reste compliqu\u00e9 puisque ce coquin ne dort que dans les bras&#8230; \ud83d\ude42<\/p>\n\n\n\n<figure class=\"wp-block-gallery aligncenter columns-1 is-cropped wp-block-gallery-2 is-layout-flex wp-block-gallery-is-layout-flex\"><ul class=\"blocks-gallery-grid\"><li class=\"blocks-gallery-item\"><figure><img decoding=\"async\" src=\"https:\/\/petitmagellan.files.wordpress.com\/2019\/08\/dsc_3361.jpg\" alt=\"\" data-id=\"800\" class=\"wp-image-800\" \/><\/figure><\/li><\/ul><\/figure>\n\n\n\n<p>Joyeux 3 mois \u00e0 mon petit chanceux qui s&rsquo;appr\u00eate \u00e0 prendre le bateau et \u00e0 passer ses premi\u00e8res vacances en Corse !<\/p>\n","protected":false},"excerpt":{"rendered":"<p>La semaine derni\u00e8re, Hugo mesurait 62 cm et pesait 5,3 kg : long et fin a dit le p\u00e9diatre ! Et pour preuve, la plupart de ses habits taille 1 mois lui vont encore (eh oui) tandis que la taille 3 mois fait une entr\u00e9e timide dans sa garde-robe. Les sourires et les \u00ab areu &hellip; <a href=\"https:\/\/petitmagellan.com\/?p=728\" class=\"more-link\">Continuer la lecture<span class=\"screen-reader-text\"> de &laquo;&nbsp;Hugo a 3 mois&nbsp;&raquo;<\/span><\/a><\/p>\n","protected":false},"author":1,"featured_media":0,"comment_status":"open","ping_status":"open","sticky":false,"template":"","format":"standard","meta":{"footnotes":""},"categories":[2],"tags":[],"class_list":["post-728","post","type-post","status-publish","format-standard","hentry","category-non-classe"],"_links":{"self":[{"href":"https:\/\/petitmagellan.com\/index.php?rest_route=\/wp\/v2\/posts\/728","targetHints":{"allow":["GET"]}}],"collection":[{"href":"https:\/\/petitmagellan.com\/index.php?rest_route=\/wp\/v2\/posts"}],"about":[{"href":"https:\/\/petitmagellan.com\/index.php?rest_route=\/wp\/v2\/types\/post"}],"author":[{"embeddable":true,"href":"https:\/\/petitmagellan.com\/index.php?rest_route=\/wp\/v2\/users\/1"}],"replies":[{"embeddable":true,"href":"https:\/\/petitmagellan.com\/index.php?rest_route=%2Fwp%2Fv2%2Fcomments&post=728"}],"version-history":[{"count":0,"href":"https:\/\/petitmagellan.com\/index.php?rest_route=\/wp\/v2\/posts\/728\/revisions"}],"wp:attachment":[{"href":"https:\/\/petitmagellan.com\/index.php?rest_route=%2Fwp%2Fv2%2Fmedia&parent=728"}],"wp:term":[{"taxonomy":"category","embeddable":true,"href":"https:\/\/petitmagellan.com\/index.php?rest_route=%2Fwp%2Fv2%2Fcategories&post=728"},{"taxonomy":"post_tag","embeddable":true,"href":"https:\/\/petitmagellan.com\/index.php?rest_route=%2Fwp%2Fv2%2Ftags&post=728"}],"curies":[{"name":"wp","href":"https:\/\/api.w.org\/{rel}","templated":true}]}}