{"id":7152,"date":"2021-03-12T20:32:00","date_gmt":"2021-03-12T19:32:00","guid":{"rendered":"http:\/\/petitmagellan.com\/?p=7152"},"modified":"2021-03-12T20:32:00","modified_gmt":"2021-03-12T19:32:00","slug":"chez-le-pediatre","status":"publish","type":"post","link":"https:\/\/petitmagellan.com\/?p=7152","title":{"rendered":"Chez le p\u00e9diatre"},"content":{"rendered":"\n<figure class=\"wp-block-gallery columns-1 is-cropped wp-block-gallery-1 is-layout-flex wp-block-gallery-is-layout-flex\"><ul class=\"blocks-gallery-grid\"><li class=\"blocks-gallery-item\"><figure><img loading=\"lazy\" decoding=\"async\" width=\"2009\" height=\"2327\" src=\"https:\/\/petitmagellan.files.wordpress.com\/2021\/03\/image-2.jpg\" data-id=\"7176\" class=\"wp-image-7176\" srcset=\"https:\/\/petitmagellan.com\/wp-content\/uploads\/2021\/03\/image-2.jpg 2009w, https:\/\/petitmagellan.com\/wp-content\/uploads\/2021\/03\/image-2-259x300.jpg 259w, https:\/\/petitmagellan.com\/wp-content\/uploads\/2021\/03\/image-2-884x1024.jpg 884w, https:\/\/petitmagellan.com\/wp-content\/uploads\/2021\/03\/image-2-768x890.jpg 768w, https:\/\/petitmagellan.com\/wp-content\/uploads\/2021\/03\/image-2-1326x1536.jpg 1326w, https:\/\/petitmagellan.com\/wp-content\/uploads\/2021\/03\/image-2-1768x2048.jpg 1768w\" sizes=\"auto, (max-width: 709px) 85vw, (max-width: 909px) 67vw, (max-width: 1362px) 62vw, 840px\" \/><\/figure><\/li><\/ul><\/figure>\n\n\n\n<p>Pour son rendez-vous du troisi\u00e8me mois hier, Armand a de nouveau eu un vaccin (pas de fi\u00e8vre pour l\u2019instant, je touche du bois) et il a \u00e9t\u00e9 vraiment adorable : un grand cri au moment de la piq\u00fbre puis silence total \u00e0 la seconde o\u00f9 je l\u2019ai repris dans mes bras. \u00ab C\u2019est un gentil \u00bb, a dit son docteur. C\u2019est vrai, c\u2019est un amour !<\/p>\n\n\n\n<p>Tout va bien c\u00f4t\u00e9 croissance, il mesure 61,5 cm et p\u00e8se exactement 5,785 kg. Il est l\u00e9g\u00e8rement au dessus de la moyenne pour la taille et l\u00e9g\u00e8rement en dessous pour le poids. Le p\u00e9rim\u00e8tre cr\u00e2nien en revanche est toujours bien au dessus de la courbe et ce depuis sa naissance, comme son papa \ud83d\ude42<\/p>\n\n\n\n<p>Prochain rendez-vous \u00e0 nouveau dans un mois &#8211; ainsi va la vie des petits b\u00e9b\u00e9s !<\/p>\n","protected":false},"excerpt":{"rendered":"<p>Pour son rendez-vous du troisi\u00e8me mois hier, Armand a de nouveau eu un vaccin (pas de fi\u00e8vre pour l\u2019instant, je touche du bois) et il a \u00e9t\u00e9 vraiment adorable : un grand cri au moment de la piq\u00fbre puis silence total \u00e0 la seconde o\u00f9 je l\u2019ai repris dans mes bras. \u00ab C\u2019est un gentil &hellip; <a href=\"https:\/\/petitmagellan.com\/?p=7152\" class=\"more-link\">Continuer la lecture<span class=\"screen-reader-text\"> de &laquo;&nbsp;Chez le p\u00e9diatre&nbsp;&raquo;<\/span><\/a><\/p>\n","protected":false},"author":1,"featured_media":0,"comment_status":"open","ping_status":"open","sticky":false,"template":"","format":"standard","meta":{"footnotes":""},"categories":[2],"tags":[],"class_list":["post-7152","post","type-post","status-publish","format-standard","hentry","category-non-classe"],"_links":{"self":[{"href":"https:\/\/petitmagellan.com\/index.php?rest_route=\/wp\/v2\/posts\/7152","targetHints":{"allow":["GET"]}}],"collection":[{"href":"https:\/\/petitmagellan.com\/index.php?rest_route=\/wp\/v2\/posts"}],"about":[{"href":"https:\/\/petitmagellan.com\/index.php?rest_route=\/wp\/v2\/types\/post"}],"author":[{"embeddable":true,"href":"https:\/\/petitmagellan.com\/index.php?rest_route=\/wp\/v2\/users\/1"}],"replies":[{"embeddable":true,"href":"https:\/\/petitmagellan.com\/index.php?rest_route=%2Fwp%2Fv2%2Fcomments&post=7152"}],"version-history":[{"count":0,"href":"https:\/\/petitmagellan.com\/index.php?rest_route=\/wp\/v2\/posts\/7152\/revisions"}],"wp:attachment":[{"href":"https:\/\/petitmagellan.com\/index.php?rest_route=%2Fwp%2Fv2%2Fmedia&parent=7152"}],"wp:term":[{"taxonomy":"category","embeddable":true,"href":"https:\/\/petitmagellan.com\/index.php?rest_route=%2Fwp%2Fv2%2Fcategories&post=7152"},{"taxonomy":"post_tag","embeddable":true,"href":"https:\/\/petitmagellan.com\/index.php?rest_route=%2Fwp%2Fv2%2Ftags&post=7152"}],"curies":[{"name":"wp","href":"https:\/\/api.w.org\/{rel}","templated":true}]}}