{"id":6679,"date":"2021-02-16T23:10:00","date_gmt":"2021-02-16T22:10:00","guid":{"rendered":"http:\/\/petitmagellan.com\/?p=6679"},"modified":"2021-02-16T23:10:00","modified_gmt":"2021-02-16T22:10:00","slug":"armand-a-2-mois","status":"publish","type":"post","link":"https:\/\/petitmagellan.com\/?p=6679","title":{"rendered":"Armand a 2 mois"},"content":{"rendered":"\n<figure class=\"wp-block-gallery columns-1 is-cropped wp-block-gallery-1 is-layout-flex wp-block-gallery-is-layout-flex\"><ul class=\"blocks-gallery-grid\"><li class=\"blocks-gallery-item\"><figure><img loading=\"lazy\" decoding=\"async\" width=\"680\" height=\"672\" src=\"https:\/\/petitmagellan.files.wordpress.com\/2021\/02\/capture-decc81cran-2021-02-16-acc80-20.51.49.png?w=680\" alt=\"\" data-id=\"6871\" data-link=\"https:\/\/petitmagellan.com\/capture-decc81cran-2021-02-16-acc80-20-51-49\/\" class=\"wp-image-6871\" srcset=\"https:\/\/petitmagellan.com\/wp-content\/uploads\/2021\/02\/capture-decc81cran-2021-02-16-acc80-20.51.49.png 680w, https:\/\/petitmagellan.com\/wp-content\/uploads\/2021\/02\/capture-decc81cran-2021-02-16-acc80-20.51.49-300x296.png 300w\" sizes=\"auto, (max-width: 709px) 85vw, (max-width: 909px) 67vw, (max-width: 984px) 61vw, (max-width: 1362px) 45vw, 600px\" \/><\/figure><\/li><\/ul><\/figure>\n\n\n\n<p>Armand nous offre sourires et gazouillis depuis plusieurs semaines maintenant et ce sont nos moments pr\u00e9f\u00e9r\u00e9s. Il nous fixe et nous suit du regard ; souvent m\u00eame il sourit alors que nous regardons ailleurs, c\u2019est trop mignon.<\/p>\n\n\n\n<p>Il a m\u00eame eu son premier grand \u00e9clat de rire hier soir !!<\/p>\n\n\n\n<figure class=\"wp-block-gallery columns-2 is-cropped wp-block-gallery-2 is-layout-flex wp-block-gallery-is-layout-flex\"><ul class=\"blocks-gallery-grid\"><li class=\"blocks-gallery-item\"><figure><img decoding=\"async\" src=\"https:\/\/petitmagellan.files.wordpress.com\/2021\/02\/img_5812.jpg\" data-id=\"6647\" class=\"wp-image-6647\" \/><\/figure><\/li><li class=\"blocks-gallery-item\"><figure><img decoding=\"async\" src=\"https:\/\/petitmagellan.files.wordpress.com\/2021\/02\/image-3-1.jpg\" data-id=\"6829\" class=\"wp-image-6829\" \/><\/figure><\/li><li class=\"blocks-gallery-item\"><figure><img decoding=\"async\" src=\"https:\/\/petitmagellan.files.wordpress.com\/2021\/02\/image-2-1.jpg\" data-id=\"6812\" class=\"wp-image-6812\" \/><\/figure><\/li><li class=\"blocks-gallery-item\"><figure><img decoding=\"async\" src=\"https:\/\/petitmagellan.files.wordpress.com\/2021\/02\/img_6922.jpg\" data-id=\"6802\" class=\"wp-image-6802\" \/><\/figure><\/li><li class=\"blocks-gallery-item\"><figure><img decoding=\"async\" src=\"https:\/\/petitmagellan.files.wordpress.com\/2021\/02\/img_6990.jpg\" data-id=\"6866\" class=\"wp-image-6866\" \/><\/figure><\/li><\/ul><\/figure>\n\n\n\n<p>Il est toujours aussi \u00ab facile \u00bb et adorable : il aime le bain, il aime \u00eatre chang\u00e9, ne pleure presque jamais quand on le d\u00e9shabille, n\u2019est pas frileux, se laisse c\u00e2liner par son fr\u00e8re sans rien dire m\u00eame si ce dernier le r\u00e9veille&#8230; Gentil b\u00e9b\u00e9.<\/p>\n\n\n\n<figure class=\"wp-block-gallery columns-2 is-cropped wp-block-gallery-3 is-layout-flex wp-block-gallery-is-layout-flex\"><ul class=\"blocks-gallery-grid\"><li class=\"blocks-gallery-item\"><figure><img decoding=\"async\" src=\"https:\/\/petitmagellan.files.wordpress.com\/2021\/02\/image-6.jpg\" data-id=\"6797\" class=\"wp-image-6797\" \/><\/figure><\/li><li class=\"blocks-gallery-item\"><figure><img decoding=\"async\" src=\"https:\/\/petitmagellan.files.wordpress.com\/2021\/02\/img_6644.jpg\" data-id=\"6667\" class=\"wp-image-6667\" \/><\/figure><\/li><li class=\"blocks-gallery-item\"><figure><img decoding=\"async\" src=\"https:\/\/petitmagellan.files.wordpress.com\/2021\/02\/img_6648.jpg\" data-id=\"6672\" class=\"wp-image-6672\" \/><\/figure><\/li><li class=\"blocks-gallery-item\"><figure><img decoding=\"async\" src=\"https:\/\/petitmagellan.files.wordpress.com\/2021\/02\/img_6458.jpg\" data-id=\"6656\" class=\"wp-image-6656\" \/><\/figure><\/li><\/ul><\/figure>\n\n\n\n<p>Parmi ses principaux int\u00e9r\u00eats, qui ne sont pas tr\u00e8s nombreux en dehors de la t\u00e9t\u00e9e et des c\u00e2lins, il y a son petit livre d\u2019\u00e9veil. Des fois il le regarde et se met \u00e0 agiter les bras et les jambes dans tous les sens, c\u2019est trop marrant.<\/p>\n\n\n\n<figure class=\"wp-block-gallery columns-2 is-cropped wp-block-gallery-4 is-layout-flex wp-block-gallery-is-layout-flex\"><ul class=\"blocks-gallery-grid\"><li class=\"blocks-gallery-item\"><figure><img decoding=\"async\" src=\"https:\/\/petitmagellan.files.wordpress.com\/2021\/02\/img_2469.jpg\" data-id=\"6644\" class=\"wp-image-6644\" \/><\/figure><\/li><li class=\"blocks-gallery-item\"><figure><img decoding=\"async\" src=\"https:\/\/petitmagellan.files.wordpress.com\/2021\/02\/img_6713.jpg\" data-id=\"6789\" class=\"wp-image-6789\" \/><\/figure><\/li><\/ul><\/figure>\n\n\n\n<p>En terme de rythme, ses habitudes ne changent pas trop : il reste \u00e9veill\u00e9 pendant environ une heure et dort ensuite trois heures en moyenne.<\/p>\n\n\n\n<p>Ce qui a chang\u00e9, c\u2019est qu\u2019il a commenc\u00e9 \u00e0 faire des petites \u00ab nuits \u00bb, mais pas tout \u00e0 fait la nuit : il mange une derni\u00e8re fois vers 19h-20h et ne reprend souvent qu\u2019\u00e0 partir de minuit ou 1h du matin. Cette grande pause de 5-6 heures est tr\u00e8s appr\u00e9ci\u00e9e &#8211; il ne reste plus qu\u2019\u00e0 la d\u00e9caler ! <\/p>\n\n\n\n<p>Sinon, il a une habitude le soir qui ne change pas, c\u2019est qu\u2019il s\u2019endort contre sa maman \ud83d\ude42<\/p>\n\n\n\n<figure class=\"wp-block-gallery columns-2 is-cropped wp-block-gallery-5 is-layout-flex wp-block-gallery-is-layout-flex\"><ul class=\"blocks-gallery-grid\"><li class=\"blocks-gallery-item\"><figure><img decoding=\"async\" src=\"https:\/\/petitmagellan.files.wordpress.com\/2021\/02\/img_6987.jpg\" data-id=\"6804\" class=\"wp-image-6804\" \/><\/figure><\/li><li class=\"blocks-gallery-item\"><figure><img decoding=\"async\" src=\"https:\/\/petitmagellan.files.wordpress.com\/2021\/02\/img_5692.jpg\" data-id=\"6640\" class=\"wp-image-6640\" \/><\/figure><\/li><li class=\"blocks-gallery-item\"><figure><img decoding=\"async\" src=\"https:\/\/petitmagellan.files.wordpress.com\/2021\/02\/img_5652.jpg\" data-id=\"6642\" class=\"wp-image-6642\" \/><\/figure><\/li><li class=\"blocks-gallery-item\"><figure><img loading=\"lazy\" decoding=\"async\" width=\"2078\" height=\"1459\" src=\"https:\/\/petitmagellan.files.wordpress.com\/2021\/02\/image-1-3.jpg\" data-id=\"6882\" class=\"wp-image-6882\" srcset=\"https:\/\/petitmagellan.com\/wp-content\/uploads\/2021\/02\/image-1-3.jpg 2078w, https:\/\/petitmagellan.com\/wp-content\/uploads\/2021\/02\/image-1-3-300x211.jpg 300w, https:\/\/petitmagellan.com\/wp-content\/uploads\/2021\/02\/image-1-3-1024x719.jpg 1024w, https:\/\/petitmagellan.com\/wp-content\/uploads\/2021\/02\/image-1-3-768x539.jpg 768w, https:\/\/petitmagellan.com\/wp-content\/uploads\/2021\/02\/image-1-3-1536x1078.jpg 1536w, https:\/\/petitmagellan.com\/wp-content\/uploads\/2021\/02\/image-1-3-2048x1438.jpg 2048w\" sizes=\"auto, (max-width: 709px) 85vw, (max-width: 909px) 67vw, (max-width: 1362px) 62vw, 840px\" \/><\/figure><\/li><li class=\"blocks-gallery-item\"><figure><img decoding=\"async\" src=\"https:\/\/petitmagellan.files.wordpress.com\/2021\/02\/img_6949.jpg\" data-id=\"6803\" class=\"wp-image-6803\" \/><\/figure><\/li><li class=\"blocks-gallery-item\"><figure><img decoding=\"async\" src=\"https:\/\/petitmagellan.files.wordpress.com\/2021\/02\/img_5910.jpg\" data-id=\"6648\" class=\"wp-image-6648\" \/><\/figure><\/li><\/ul><\/figure>\n\n\n\n<p>Enfin, il se porte toujours tr\u00e8s bien et a commenc\u00e9 \u00e0 mettre du 3 mois. C\u2019est une telle diff\u00e9rence par rapport \u00e0 Hugo qui a toujours port\u00e9 une taille en moins. Il y a d\u00e9j\u00e0 pas mal d\u2019affaires trop petites \u00e0 ranger ! Ne grandis pas trop vite mon Armand. <\/p>\n\n\n\n<p>Joyeux 2 mois &lt;3<\/p>\n\n\n\n<figure class=\"wp-block-gallery columns-1 is-cropped wp-block-gallery-6 is-layout-flex wp-block-gallery-is-layout-flex\"><ul class=\"blocks-gallery-grid\"><li class=\"blocks-gallery-item\"><figure><img decoding=\"async\" src=\"https:\/\/petitmagellan.files.wordpress.com\/2021\/02\/img_6665.jpg\" data-id=\"6673\" class=\"wp-image-6673\" \/><\/figure><\/li><\/ul><\/figure>\n","protected":false},"excerpt":{"rendered":"<p>Armand nous offre sourires et gazouillis depuis plusieurs semaines maintenant et ce sont nos moments pr\u00e9f\u00e9r\u00e9s. Il nous fixe et nous suit du regard ; souvent m\u00eame il sourit alors que nous regardons ailleurs, c\u2019est trop mignon. Il a m\u00eame eu son premier grand \u00e9clat de rire hier soir !! Il est toujours aussi \u00ab &hellip; <a href=\"https:\/\/petitmagellan.com\/?p=6679\" class=\"more-link\">Continuer la lecture<span class=\"screen-reader-text\"> de &laquo;&nbsp;Armand a 2 mois&nbsp;&raquo;<\/span><\/a><\/p>\n","protected":false},"author":1,"featured_media":0,"comment_status":"open","ping_status":"open","sticky":false,"template":"","format":"standard","meta":{"footnotes":""},"categories":[2],"tags":[],"class_list":["post-6679","post","type-post","status-publish","format-standard","hentry","category-non-classe"],"_links":{"self":[{"href":"https:\/\/petitmagellan.com\/index.php?rest_route=\/wp\/v2\/posts\/6679","targetHints":{"allow":["GET"]}}],"collection":[{"href":"https:\/\/petitmagellan.com\/index.php?rest_route=\/wp\/v2\/posts"}],"about":[{"href":"https:\/\/petitmagellan.com\/index.php?rest_route=\/wp\/v2\/types\/post"}],"author":[{"embeddable":true,"href":"https:\/\/petitmagellan.com\/index.php?rest_route=\/wp\/v2\/users\/1"}],"replies":[{"embeddable":true,"href":"https:\/\/petitmagellan.com\/index.php?rest_route=%2Fwp%2Fv2%2Fcomments&post=6679"}],"version-history":[{"count":0,"href":"https:\/\/petitmagellan.com\/index.php?rest_route=\/wp\/v2\/posts\/6679\/revisions"}],"wp:attachment":[{"href":"https:\/\/petitmagellan.com\/index.php?rest_route=%2Fwp%2Fv2%2Fmedia&parent=6679"}],"wp:term":[{"taxonomy":"category","embeddable":true,"href":"https:\/\/petitmagellan.com\/index.php?rest_route=%2Fwp%2Fv2%2Fcategories&post=6679"},{"taxonomy":"post_tag","embeddable":true,"href":"https:\/\/petitmagellan.com\/index.php?rest_route=%2Fwp%2Fv2%2Ftags&post=6679"}],"curies":[{"name":"wp","href":"https:\/\/api.w.org\/{rel}","templated":true}]}}