{"id":6205,"date":"2021-01-07T23:23:00","date_gmt":"2021-01-07T22:23:00","guid":{"rendered":"http:\/\/petitmagellan.com\/?p=6205"},"modified":"2021-01-07T23:23:00","modified_gmt":"2021-01-07T22:23:00","slug":"double-examen","status":"publish","type":"post","link":"https:\/\/petitmagellan.com\/?p=6205","title":{"rendered":"Double examen"},"content":{"rendered":"\n<p>Hugo et Armand avaient tous les deux rendez-vous chez le p\u00e9diatre aujourd\u2019hui. Le premier pour son examen des 20 mois et le second pour celui du premier mois.<\/p>\n\n\n\n<figure class=\"wp-block-gallery columns-1 is-cropped wp-block-gallery-1 is-layout-flex wp-block-gallery-is-layout-flex\"><ul class=\"blocks-gallery-grid\"><li class=\"blocks-gallery-item\"><figure><img decoding=\"async\" src=\"https:\/\/petitmagellan.files.wordpress.com\/2021\/01\/img_5319.jpg\" data-id=\"6229\" class=\"wp-image-6229\" \/><\/figure><\/li><\/ul><\/figure>\n\n\n\n<p>Hugo a d\u00e9test\u00e9 se faire ausculter, comme les fois pr\u00e9c\u00e9dentes. Malgr\u00e9 les cris et les larmes, tout va tr\u00e8s bien : il mesure 88 cm, p\u00e8se 11,3 kg et continue de faire ses dents sans trop de mal.<\/p>\n\n\n\n<p>Quant \u00e0 Armand, il a aussi donn\u00e9 de la voix pour sa premi\u00e8re visite, avant de retrouver son calme une fois rhabill\u00e9 et dans les bras. \u00c0 3 semaines, notre petit b\u00e9b\u00e9 mesure 54,5 cm et p\u00e8se 4,250 kg ! Il a bien grandi et grossi depuis la naissance et se porte comme un charme.<\/p>\n\n\n\n<figure class=\"wp-block-gallery columns-1 is-cropped wp-block-gallery-2 is-layout-flex wp-block-gallery-is-layout-flex\"><ul class=\"blocks-gallery-grid\"><li class=\"blocks-gallery-item\"><figure><img decoding=\"async\" src=\"https:\/\/petitmagellan.files.wordpress.com\/2021\/01\/image-1-1.jpg\" data-id=\"6269\" class=\"wp-image-6269\" \/><\/figure><\/li><\/ul><\/figure>\n\n\n\n<p>On revient le mois prochain pour ses vaccins !<\/p>\n","protected":false},"excerpt":{"rendered":"<p>Hugo et Armand avaient tous les deux rendez-vous chez le p\u00e9diatre aujourd\u2019hui. Le premier pour son examen des 20 mois et le second pour celui du premier mois. Hugo a d\u00e9test\u00e9 se faire ausculter, comme les fois pr\u00e9c\u00e9dentes. Malgr\u00e9 les cris et les larmes, tout va tr\u00e8s bien : il mesure 88 cm, p\u00e8se 11,3 &hellip; <a href=\"https:\/\/petitmagellan.com\/?p=6205\" class=\"more-link\">Continuer la lecture<span class=\"screen-reader-text\"> de &laquo;&nbsp;Double examen&nbsp;&raquo;<\/span><\/a><\/p>\n","protected":false},"author":1,"featured_media":0,"comment_status":"open","ping_status":"open","sticky":false,"template":"","format":"standard","meta":{"footnotes":""},"categories":[2],"tags":[],"class_list":["post-6205","post","type-post","status-publish","format-standard","hentry","category-non-classe"],"_links":{"self":[{"href":"https:\/\/petitmagellan.com\/index.php?rest_route=\/wp\/v2\/posts\/6205","targetHints":{"allow":["GET"]}}],"collection":[{"href":"https:\/\/petitmagellan.com\/index.php?rest_route=\/wp\/v2\/posts"}],"about":[{"href":"https:\/\/petitmagellan.com\/index.php?rest_route=\/wp\/v2\/types\/post"}],"author":[{"embeddable":true,"href":"https:\/\/petitmagellan.com\/index.php?rest_route=\/wp\/v2\/users\/1"}],"replies":[{"embeddable":true,"href":"https:\/\/petitmagellan.com\/index.php?rest_route=%2Fwp%2Fv2%2Fcomments&post=6205"}],"version-history":[{"count":0,"href":"https:\/\/petitmagellan.com\/index.php?rest_route=\/wp\/v2\/posts\/6205\/revisions"}],"wp:attachment":[{"href":"https:\/\/petitmagellan.com\/index.php?rest_route=%2Fwp%2Fv2%2Fmedia&parent=6205"}],"wp:term":[{"taxonomy":"category","embeddable":true,"href":"https:\/\/petitmagellan.com\/index.php?rest_route=%2Fwp%2Fv2%2Fcategories&post=6205"},{"taxonomy":"post_tag","embeddable":true,"href":"https:\/\/petitmagellan.com\/index.php?rest_route=%2Fwp%2Fv2%2Ftags&post=6205"}],"curies":[{"name":"wp","href":"https:\/\/api.w.org\/{rel}","templated":true}]}}