{"id":6201,"date":"2021-01-12T13:13:00","date_gmt":"2021-01-12T12:13:00","guid":{"rendered":"http:\/\/petitmagellan.com\/?p=6201"},"modified":"2021-01-12T13:13:00","modified_gmt":"2021-01-12T12:13:00","slug":"decalage","status":"publish","type":"post","link":"https:\/\/petitmagellan.com\/?p=6201","title":{"rendered":"D\u00e9calage"},"content":{"rendered":"\n<p>Ces deux derni\u00e8res semaines, le rythme d\u2019Armand a quelque peu chang\u00e9 par rapport \u00e0 ses tous d\u00e9buts. Il dort toujours plut\u00f4t bien la journ\u00e9e mais entre maintenant tr\u00e8s souvent en phase d\u2019\u00e9veil la nuit&#8230; Il faudrait faire l\u2019inverse mon Armand !<\/p>\n\n\n\n<p>Et, pour encore plus de rigolade, Hugo ne veut plus faire la sieste la semaine.<\/p>\n\n\n\n<p>Pas de nuit et pas de sieste, c\u2019est dur !<\/p>\n\n\n\n<p>Une maman qui r\u00eave de dormir \ud83d\ude34<\/p>\n","protected":false},"excerpt":{"rendered":"<p>Ces deux derni\u00e8res semaines, le rythme d\u2019Armand a quelque peu chang\u00e9 par rapport \u00e0 ses tous d\u00e9buts. Il dort toujours plut\u00f4t bien la journ\u00e9e mais entre maintenant tr\u00e8s souvent en phase d\u2019\u00e9veil la nuit&#8230; Il faudrait faire l\u2019inverse mon Armand ! Et, pour encore plus de rigolade, Hugo ne veut plus faire la sieste la &hellip; <a href=\"https:\/\/petitmagellan.com\/?p=6201\" class=\"more-link\">Continuer la lecture<span class=\"screen-reader-text\"> de &laquo;&nbsp;D\u00e9calage&nbsp;&raquo;<\/span><\/a><\/p>\n","protected":false},"author":1,"featured_media":0,"comment_status":"open","ping_status":"open","sticky":false,"template":"","format":"standard","meta":{"footnotes":""},"categories":[2],"tags":[],"class_list":["post-6201","post","type-post","status-publish","format-standard","hentry","category-non-classe"],"_links":{"self":[{"href":"https:\/\/petitmagellan.com\/index.php?rest_route=\/wp\/v2\/posts\/6201","targetHints":{"allow":["GET"]}}],"collection":[{"href":"https:\/\/petitmagellan.com\/index.php?rest_route=\/wp\/v2\/posts"}],"about":[{"href":"https:\/\/petitmagellan.com\/index.php?rest_route=\/wp\/v2\/types\/post"}],"author":[{"embeddable":true,"href":"https:\/\/petitmagellan.com\/index.php?rest_route=\/wp\/v2\/users\/1"}],"replies":[{"embeddable":true,"href":"https:\/\/petitmagellan.com\/index.php?rest_route=%2Fwp%2Fv2%2Fcomments&post=6201"}],"version-history":[{"count":0,"href":"https:\/\/petitmagellan.com\/index.php?rest_route=\/wp\/v2\/posts\/6201\/revisions"}],"wp:attachment":[{"href":"https:\/\/petitmagellan.com\/index.php?rest_route=%2Fwp%2Fv2%2Fmedia&parent=6201"}],"wp:term":[{"taxonomy":"category","embeddable":true,"href":"https:\/\/petitmagellan.com\/index.php?rest_route=%2Fwp%2Fv2%2Fcategories&post=6201"},{"taxonomy":"post_tag","embeddable":true,"href":"https:\/\/petitmagellan.com\/index.php?rest_route=%2Fwp%2Fv2%2Ftags&post=6201"}],"curies":[{"name":"wp","href":"https:\/\/api.w.org\/{rel}","templated":true}]}}