{"id":6155,"date":"2021-02-13T16:37:00","date_gmt":"2021-02-13T15:37:00","guid":{"rendered":"http:\/\/petitmagellan.com\/?p=6155"},"modified":"2021-02-13T16:37:00","modified_gmt":"2021-02-13T15:37:00","slug":"faire-part-de-naissance","status":"publish","type":"post","link":"https:\/\/petitmagellan.com\/?p=6155","title":{"rendered":"Faire-part de naissance"},"content":{"rendered":"\n<p>Je ne l\u2019avais jamais mise ici alors voici la photo du faire-part de Hugo. Il a 11 jours.<\/p>\n\n\n\n<figure class=\"wp-block-gallery columns-1 is-cropped wp-block-gallery-1 is-layout-flex wp-block-gallery-is-layout-flex\"><ul class=\"blocks-gallery-grid\"><li class=\"blocks-gallery-item\"><figure><img decoding=\"async\" src=\"https:\/\/petitmagellan.files.wordpress.com\/2021\/02\/dsc00034-version-4.jpg\" data-id=\"6741\" class=\"wp-image-6741\" \/><\/figure><\/li><\/ul><\/figure>\n\n\n\n<p>Et les deux photos du faire-part d\u2019Armand. Sur la premi\u00e8re il a 13 jours.<\/p>\n\n\n\n<figure class=\"wp-block-gallery columns-1 is-cropped wp-block-gallery-2 is-layout-flex wp-block-gallery-is-layout-flex\"><ul class=\"blocks-gallery-grid\"><li class=\"blocks-gallery-item\"><figure><img decoding=\"async\" src=\"https:\/\/petitmagellan.files.wordpress.com\/2021\/02\/dscf1780.jpg\" data-id=\"6742\" class=\"wp-image-6742\" \/><\/figure><\/li><\/ul><\/figure>\n\n\n\n<figure class=\"wp-block-gallery columns-1 is-cropped wp-block-gallery-3 is-layout-flex wp-block-gallery-is-layout-flex\"><ul class=\"blocks-gallery-grid\"><li class=\"blocks-gallery-item\"><figure><img loading=\"lazy\" decoding=\"async\" width=\"1451\" height=\"1548\" src=\"https:\/\/petitmagellan.files.wordpress.com\/2021\/02\/img_4432-version-3-1.jpg\" data-id=\"6738\" class=\"wp-image-6738\" srcset=\"https:\/\/petitmagellan.com\/wp-content\/uploads\/2021\/02\/img_4432-version-3-1.jpg 1451w, https:\/\/petitmagellan.com\/wp-content\/uploads\/2021\/02\/img_4432-version-3-1-281x300.jpg 281w, https:\/\/petitmagellan.com\/wp-content\/uploads\/2021\/02\/img_4432-version-3-1-960x1024.jpg 960w, https:\/\/petitmagellan.com\/wp-content\/uploads\/2021\/02\/img_4432-version-3-1-768x819.jpg 768w, https:\/\/petitmagellan.com\/wp-content\/uploads\/2021\/02\/img_4432-version-3-1-1440x1536.jpg 1440w\" sizes=\"auto, (max-width: 709px) 85vw, (max-width: 909px) 67vw, (max-width: 1362px) 62vw, 840px\" \/><\/figure><\/li><\/ul><\/figure>\n\n\n\n<p>La s\u00e9ance photo a \u00e9t\u00e9 super facile avec Armand : il est rest\u00e9 allong\u00e9, calme et \u00e9veill\u00e9 pendant que je prenais des photos en rafale. Imperturbable \ud83d\ude42<\/p>\n\n\n\n<p>Avec Hugo, c\u2019\u00e9tait tout l\u2019inverse : il ne supportait pas que je le pose une seconde et se mettait aussit\u00f4t \u00e0 pleurer ! J\u2019avais d\u00fb l\u2019emmailloter pour le rassurer et avoir quelques minutes de calme.<\/p>\n\n\n\n<p>Une dizaine de jours chacun et d\u00e9j\u00e0 bien diff\u00e9rents !<\/p>\n","protected":false},"excerpt":{"rendered":"<p>Je ne l\u2019avais jamais mise ici alors voici la photo du faire-part de Hugo. Il a 11 jours. Et les deux photos du faire-part d\u2019Armand. Sur la premi\u00e8re il a 13 jours. La s\u00e9ance photo a \u00e9t\u00e9 super facile avec Armand : il est rest\u00e9 allong\u00e9, calme et \u00e9veill\u00e9 pendant que je prenais des photos &hellip; <a href=\"https:\/\/petitmagellan.com\/?p=6155\" class=\"more-link\">Continuer la lecture<span class=\"screen-reader-text\"> de &laquo;&nbsp;Faire-part de naissance&nbsp;&raquo;<\/span><\/a><\/p>\n","protected":false},"author":1,"featured_media":0,"comment_status":"open","ping_status":"open","sticky":false,"template":"","format":"standard","meta":{"footnotes":""},"categories":[2],"tags":[],"class_list":["post-6155","post","type-post","status-publish","format-standard","hentry","category-non-classe"],"_links":{"self":[{"href":"https:\/\/petitmagellan.com\/index.php?rest_route=\/wp\/v2\/posts\/6155","targetHints":{"allow":["GET"]}}],"collection":[{"href":"https:\/\/petitmagellan.com\/index.php?rest_route=\/wp\/v2\/posts"}],"about":[{"href":"https:\/\/petitmagellan.com\/index.php?rest_route=\/wp\/v2\/types\/post"}],"author":[{"embeddable":true,"href":"https:\/\/petitmagellan.com\/index.php?rest_route=\/wp\/v2\/users\/1"}],"replies":[{"embeddable":true,"href":"https:\/\/petitmagellan.com\/index.php?rest_route=%2Fwp%2Fv2%2Fcomments&post=6155"}],"version-history":[{"count":0,"href":"https:\/\/petitmagellan.com\/index.php?rest_route=\/wp\/v2\/posts\/6155\/revisions"}],"wp:attachment":[{"href":"https:\/\/petitmagellan.com\/index.php?rest_route=%2Fwp%2Fv2%2Fmedia&parent=6155"}],"wp:term":[{"taxonomy":"category","embeddable":true,"href":"https:\/\/petitmagellan.com\/index.php?rest_route=%2Fwp%2Fv2%2Fcategories&post=6155"},{"taxonomy":"post_tag","embeddable":true,"href":"https:\/\/petitmagellan.com\/index.php?rest_route=%2Fwp%2Fv2%2Ftags&post=6155"}],"curies":[{"name":"wp","href":"https:\/\/api.w.org\/{rel}","templated":true}]}}