{"id":6102,"date":"2021-01-07T21:40:00","date_gmt":"2021-01-07T20:40:00","guid":{"rendered":"http:\/\/petitmagellan.com\/?p=6102"},"modified":"2021-01-07T21:40:00","modified_gmt":"2021-01-07T20:40:00","slug":"20-mois","status":"publish","type":"post","link":"https:\/\/petitmagellan.com\/?p=6102","title":{"rendered":"20 mois !"},"content":{"rendered":"\n<figure class=\"wp-block-gallery columns-1 is-cropped wp-block-gallery-1 is-layout-flex wp-block-gallery-is-layout-flex\"><ul class=\"blocks-gallery-grid\"><li class=\"blocks-gallery-item\"><figure><img decoding=\"async\" src=\"https:\/\/petitmagellan.files.wordpress.com\/2021\/01\/img_5330.jpg\" data-id=\"6234\" class=\"wp-image-6234\" \/><\/figure><\/li><\/ul><\/figure>\n\n\n\n<p>Joyeux 20 mois \u00e0 notre Hugo ! Quel mois pour lui. Son petit monde a \u00e9t\u00e9 chamboul\u00e9 mais il s\u2019est tr\u00e8s bien adapt\u00e9 \u00e0 l\u2019arriv\u00e9e d\u2019Armand. Il d\u00e9borde d\u2019affection pour ce petit fr\u00e8re et on est tr\u00e8s fiers de le voir si doux et attentionn\u00e9.<\/p>\n\n\n\n<p>D\u00e8s qu\u2019Armand fait le moindre bruit, il s\u2019\u00e9crie \u00ab mameu ! \u00bb (son mot pour maman, Armand et mamoune, sa grand-m\u00e8re) et accourt pour le toucher ou l\u2019embrasser.<\/p>\n\n\n\n<p>Il y aura peut-\u00eatre des phases \u00e0 venir moins faciles mais pour l\u2019instant les choses se passent bien. Il reste un tout-petit avec un grand besoin d\u2019attention et d\u2019affection et c\u2019est ce que nous continuons \u00e0 lui donner, exactement comme avant.<\/p>\n\n\n\n<p>Tu es le meilleur mon Hugo.<\/p>\n\n\n\n<figure class=\"wp-block-gallery columns-1 is-cropped wp-block-gallery-2 is-layout-flex wp-block-gallery-is-layout-flex\"><ul class=\"blocks-gallery-grid\"><li class=\"blocks-gallery-item\"><figure><img loading=\"lazy\" decoding=\"async\" width=\"2048\" height=\"1536\" src=\"https:\/\/petitmagellan.files.wordpress.com\/2020\/12\/img_4401.jpg\" data-id=\"6098\" class=\"wp-image-6098\" srcset=\"https:\/\/petitmagellan.com\/wp-content\/uploads\/2020\/12\/img_4401.jpg 2048w, https:\/\/petitmagellan.com\/wp-content\/uploads\/2020\/12\/img_4401-300x225.jpg 300w, https:\/\/petitmagellan.com\/wp-content\/uploads\/2020\/12\/img_4401-1024x768.jpg 1024w, https:\/\/petitmagellan.com\/wp-content\/uploads\/2020\/12\/img_4401-768x576.jpg 768w, https:\/\/petitmagellan.com\/wp-content\/uploads\/2020\/12\/img_4401-1536x1152.jpg 1536w\" sizes=\"auto, (max-width: 709px) 85vw, (max-width: 909px) 67vw, (max-width: 1362px) 62vw, 840px\" \/><\/figure><\/li><\/ul><\/figure>\n\n\n\n<p>Depuis une bonne semaine, son vocabulaire s\u2019est bien enrichi (m\u00eame si sa prononciation reste tr\u00e8s approximative) et il est tout content de r\u00e9p\u00e9ter ce qu\u2019on dit. Sa passion pour les livres est intacte et il \u00e9coute ses Paco &#8211; et danse &#8211; tout le temps sans jamais se lasser.<\/p>\n\n\n\n<p>Tr\u00e8s concentr\u00e9.<\/p>\n\n\n\n<figure class=\"wp-block-gallery columns-2 is-cropped wp-block-gallery-3 is-layout-flex wp-block-gallery-is-layout-flex\"><ul class=\"blocks-gallery-grid\"><li class=\"blocks-gallery-item\"><figure><img decoding=\"async\" src=\"https:\/\/petitmagellan.files.wordpress.com\/2021\/01\/img_5200.jpg\" data-id=\"6189\" class=\"wp-image-6189\" \/><\/figure><\/li><li class=\"blocks-gallery-item\"><figure><img decoding=\"async\" src=\"https:\/\/petitmagellan.files.wordpress.com\/2021\/01\/image-1.jpg\" data-id=\"6256\" class=\"wp-image-6256\" \/><\/figure><\/li><li class=\"blocks-gallery-item\"><figure><img loading=\"lazy\" decoding=\"async\" width=\"1536\" height=\"2048\" src=\"https:\/\/petitmagellan.files.wordpress.com\/2020\/12\/img_4751.jpg\" data-id=\"6099\" class=\"wp-image-6099\" srcset=\"https:\/\/petitmagellan.com\/wp-content\/uploads\/2020\/12\/img_4751.jpg 1536w, https:\/\/petitmagellan.com\/wp-content\/uploads\/2020\/12\/img_4751-225x300.jpg 225w, https:\/\/petitmagellan.com\/wp-content\/uploads\/2020\/12\/img_4751-768x1024.jpg 768w, https:\/\/petitmagellan.com\/wp-content\/uploads\/2020\/12\/img_4751-1152x1536.jpg 1152w\" sizes=\"auto, (max-width: 709px) 85vw, (max-width: 909px) 67vw, (max-width: 1362px) 62vw, 840px\" \/><\/figure><\/li><li class=\"blocks-gallery-item\"><figure><img loading=\"lazy\" decoding=\"async\" width=\"1536\" height=\"2048\" src=\"https:\/\/petitmagellan.files.wordpress.com\/2020\/12\/img_4739.jpg\" data-id=\"6100\" class=\"wp-image-6100\" srcset=\"https:\/\/petitmagellan.com\/wp-content\/uploads\/2020\/12\/img_4739.jpg 1536w, https:\/\/petitmagellan.com\/wp-content\/uploads\/2020\/12\/img_4739-225x300.jpg 225w, https:\/\/petitmagellan.com\/wp-content\/uploads\/2020\/12\/img_4739-768x1024.jpg 768w, https:\/\/petitmagellan.com\/wp-content\/uploads\/2020\/12\/img_4739-1152x1536.jpg 1152w\" sizes=\"auto, (max-width: 709px) 85vw, (max-width: 909px) 67vw, (max-width: 1362px) 62vw, 840px\" \/><\/figure><\/li><\/ul><\/figure>\n\n\n\n<p>La journ\u00e9e, il joue beaucoup avec sa maman, s\u2019occupe aussi parfois seul avec ses nouveaux jouets et pr\u00e9pare \u00e0 manger dans sa petite cuisine. Il adore m\u2019aider \u00e0 lancer des machines et \u00e0 \u00e9tendre ou ramasser le linge, et j\u2019en profite haha ! Il est aussi compl\u00e8tement fan de sa trottinette et adore sortir le soir pour un petit tour quand son papa rentre \ud83d\ude42<\/p>\n\n\n\n<figure class=\"wp-block-gallery columns-1 is-cropped wp-block-gallery-4 is-layout-flex wp-block-gallery-is-layout-flex\"><ul class=\"blocks-gallery-grid\"><li class=\"blocks-gallery-item\"><figure><img decoding=\"async\" src=\"https:\/\/petitmagellan.files.wordpress.com\/2020\/12\/img_4236.jpg\" data-id=\"6101\" class=\"wp-image-6101\" \/><\/figure><\/li><\/ul><\/figure>\n\n\n\n<p>Sa routine a repris et je pense qu\u2019il est rassur\u00e9 de voir que, m\u00eame s\u2019il n\u2019est plus tout seul, rien n\u2019a vraiment chang\u00e9. On continue \u00e0 faire des tours et des piles, toujours plus hautes !<\/p>\n\n\n\n<figure class=\"wp-block-gallery columns-2 is-cropped wp-block-gallery-5 is-layout-flex wp-block-gallery-is-layout-flex\"><ul class=\"blocks-gallery-grid\"><li class=\"blocks-gallery-item\"><figure><img decoding=\"async\" src=\"https:\/\/petitmagellan.files.wordpress.com\/2021\/01\/img_4991.jpg\" data-id=\"6190\" class=\"wp-image-6190\" \/><\/figure><\/li><li class=\"blocks-gallery-item\"><figure><img decoding=\"async\" src=\"https:\/\/petitmagellan.files.wordpress.com\/2021\/01\/img_5011.jpg\" data-id=\"6251\" class=\"wp-image-6251\" \/><\/figure><\/li><\/ul><\/figure>\n\n\n\n<p>Et puis, pas le temps d\u2019acheter la galette des rois hier pour l\u2019\u00c9piphanie alors on a fait \u00e7a aujourd\u2019hui. <\/p>\n\n\n\n<figure class=\"wp-block-gallery columns-1 is-cropped wp-block-gallery-6 is-layout-flex wp-block-gallery-is-layout-flex\"><ul class=\"blocks-gallery-grid\"><li class=\"blocks-gallery-item\"><figure><img decoding=\"async\" src=\"https:\/\/petitmagellan.files.wordpress.com\/2021\/01\/img_5339.jpg\" data-id=\"6232\" class=\"wp-image-6232\" \/><\/figure><\/li><\/ul><\/figure>\n\n\n\n<p>Pas besoin d\u2019avoir la f\u00e8ve pour \u00eatre le roi \ud83d\ude42<\/p>\n","protected":false},"excerpt":{"rendered":"<p>Joyeux 20 mois \u00e0 notre Hugo ! Quel mois pour lui. Son petit monde a \u00e9t\u00e9 chamboul\u00e9 mais il s\u2019est tr\u00e8s bien adapt\u00e9 \u00e0 l\u2019arriv\u00e9e d\u2019Armand. Il d\u00e9borde d\u2019affection pour ce petit fr\u00e8re et on est tr\u00e8s fiers de le voir si doux et attentionn\u00e9. D\u00e8s qu\u2019Armand fait le moindre bruit, il s\u2019\u00e9crie \u00ab mameu &hellip; <a href=\"https:\/\/petitmagellan.com\/?p=6102\" class=\"more-link\">Continuer la lecture<span class=\"screen-reader-text\"> de &laquo;&nbsp;20 mois !&nbsp;&raquo;<\/span><\/a><\/p>\n","protected":false},"author":1,"featured_media":0,"comment_status":"open","ping_status":"open","sticky":false,"template":"","format":"standard","meta":{"footnotes":""},"categories":[2],"tags":[],"class_list":["post-6102","post","type-post","status-publish","format-standard","hentry","category-non-classe"],"_links":{"self":[{"href":"https:\/\/petitmagellan.com\/index.php?rest_route=\/wp\/v2\/posts\/6102","targetHints":{"allow":["GET"]}}],"collection":[{"href":"https:\/\/petitmagellan.com\/index.php?rest_route=\/wp\/v2\/posts"}],"about":[{"href":"https:\/\/petitmagellan.com\/index.php?rest_route=\/wp\/v2\/types\/post"}],"author":[{"embeddable":true,"href":"https:\/\/petitmagellan.com\/index.php?rest_route=\/wp\/v2\/users\/1"}],"replies":[{"embeddable":true,"href":"https:\/\/petitmagellan.com\/index.php?rest_route=%2Fwp%2Fv2%2Fcomments&post=6102"}],"version-history":[{"count":0,"href":"https:\/\/petitmagellan.com\/index.php?rest_route=\/wp\/v2\/posts\/6102\/revisions"}],"wp:attachment":[{"href":"https:\/\/petitmagellan.com\/index.php?rest_route=%2Fwp%2Fv2%2Fmedia&parent=6102"}],"wp:term":[{"taxonomy":"category","embeddable":true,"href":"https:\/\/petitmagellan.com\/index.php?rest_route=%2Fwp%2Fv2%2Fcategories&post=6102"},{"taxonomy":"post_tag","embeddable":true,"href":"https:\/\/petitmagellan.com\/index.php?rest_route=%2Fwp%2Fv2%2Ftags&post=6102"}],"curies":[{"name":"wp","href":"https:\/\/api.w.org\/{rel}","templated":true}]}}