{"id":608,"date":"2019-07-24T10:37:20","date_gmt":"2019-07-24T09:37:20","guid":{"rendered":"http:\/\/petitmagellan.com\/?p=608"},"modified":"2019-07-24T10:37:20","modified_gmt":"2019-07-24T09:37:20","slug":"et-ce-seront-des-yeux-marron","status":"publish","type":"post","link":"https:\/\/petitmagellan.com\/?p=608","title":{"rendered":"Et ce seront&#8230; des yeux marron !"},"content":{"rendered":"<p>Bon, absolument personne n&rsquo;en doutait&#8230; mais c&rsquo;est maintenant confirm\u00e9 : les l\u00e9gers reflets gris bleu propres aux nourrissons (qui ne se voyaient pas forc\u00e9ment sur les photos) ont totalement disparu, m\u00eame \u00e0 la lumi\u00e8re du jour, et ont laiss\u00e9 place \u00e0 deux grandes billes marron. M\u00eame si j&rsquo;ai lu qu&rsquo;il fallait attendre 6 \u00e0 8 mois pour conna\u00eetre la couleur d\u00e9finitive, je pense qu&rsquo;il n&rsquo;y aura plus de changement pour Hugo !<\/p>\n\n\n<figure class=\"wp-block-gallery columns-2 is-cropped wp-block-gallery-1 is-layout-flex wp-block-gallery-is-layout-flex\"><ul class=\"blocks-gallery-grid\"><li class=\"blocks-gallery-item\"><figure><img decoding=\"async\" src=\"https:\/\/petitmagellan.files.wordpress.com\/2019\/07\/img_1971-1.jpg\" alt=\"\" data-id=\"610\" data-link=\"https:\/\/petitmagellan.com\/img_1971-1\/\" class=\"wp-image-610\" \/><\/figure><\/li><li class=\"blocks-gallery-item\"><figure><img decoding=\"async\" src=\"https:\/\/petitmagellan.files.wordpress.com\/2019\/07\/img_2201-2.jpg\" alt=\"\" data-id=\"700\" data-link=\"https:\/\/petitmagellan.com\/img_2201-2\/\" class=\"wp-image-700\" \/><\/figure><\/li><\/ul><\/figure>\n\n\n\n<p>L&rsquo;avant \/ apr\u00e8s est assez subtil \u00e0 l&rsquo;\u00e9cran mais ses parents l&rsquo;ont bien remarqu\u00e9 \ud83d\ude42<\/p>\n","protected":false},"excerpt":{"rendered":"<p>Bon, absolument personne n&rsquo;en doutait&#8230; mais c&rsquo;est maintenant confirm\u00e9 : les l\u00e9gers reflets gris bleu propres aux nourrissons (qui ne se voyaient pas forc\u00e9ment sur les photos) ont totalement disparu, m\u00eame \u00e0 la lumi\u00e8re du jour, et ont laiss\u00e9 place \u00e0 deux grandes billes marron. M\u00eame si j&rsquo;ai lu qu&rsquo;il fallait attendre 6 \u00e0 8 &hellip; <a href=\"https:\/\/petitmagellan.com\/?p=608\" class=\"more-link\">Continuer la lecture<span class=\"screen-reader-text\"> de &laquo;&nbsp;Et ce seront&#8230; des yeux marron !&nbsp;&raquo;<\/span><\/a><\/p>\n","protected":false},"author":1,"featured_media":0,"comment_status":"open","ping_status":"open","sticky":false,"template":"","format":"standard","meta":{"footnotes":""},"categories":[2],"tags":[],"class_list":["post-608","post","type-post","status-publish","format-standard","hentry","category-non-classe"],"_links":{"self":[{"href":"https:\/\/petitmagellan.com\/index.php?rest_route=\/wp\/v2\/posts\/608","targetHints":{"allow":["GET"]}}],"collection":[{"href":"https:\/\/petitmagellan.com\/index.php?rest_route=\/wp\/v2\/posts"}],"about":[{"href":"https:\/\/petitmagellan.com\/index.php?rest_route=\/wp\/v2\/types\/post"}],"author":[{"embeddable":true,"href":"https:\/\/petitmagellan.com\/index.php?rest_route=\/wp\/v2\/users\/1"}],"replies":[{"embeddable":true,"href":"https:\/\/petitmagellan.com\/index.php?rest_route=%2Fwp%2Fv2%2Fcomments&post=608"}],"version-history":[{"count":0,"href":"https:\/\/petitmagellan.com\/index.php?rest_route=\/wp\/v2\/posts\/608\/revisions"}],"wp:attachment":[{"href":"https:\/\/petitmagellan.com\/index.php?rest_route=%2Fwp%2Fv2%2Fmedia&parent=608"}],"wp:term":[{"taxonomy":"category","embeddable":true,"href":"https:\/\/petitmagellan.com\/index.php?rest_route=%2Fwp%2Fv2%2Fcategories&post=608"},{"taxonomy":"post_tag","embeddable":true,"href":"https:\/\/petitmagellan.com\/index.php?rest_route=%2Fwp%2Fv2%2Ftags&post=608"}],"curies":[{"name":"wp","href":"https:\/\/api.w.org\/{rel}","templated":true}]}}