{"id":602,"date":"2019-07-15T12:19:52","date_gmt":"2019-07-15T11:19:52","guid":{"rendered":"http:\/\/petitmagellan.com\/?p=602"},"modified":"2019-07-15T12:19:52","modified_gmt":"2019-07-15T11:19:52","slug":"le-14-juillet","status":"publish","type":"post","link":"https:\/\/petitmagellan.com\/?p=602","title":{"rendered":"Le 14 juillet"},"content":{"rendered":"\n<p>Cette ann\u00e9e, nous \u00e9tions \u00e0 Lyon et nous avons regard\u00e9 le feu d&rsquo;artifice pour la premi\u00e8re fois depuis les jolies pentes de la Croix Rousse.<\/p>\n\n\n\n<figure class=\"wp-block-gallery columns-3 is-cropped wp-block-gallery-1 is-layout-flex wp-block-gallery-is-layout-flex\"><ul class=\"blocks-gallery-grid\"><li class=\"blocks-gallery-item\"><figure><img decoding=\"async\" src=\"https:\/\/petitmagellan.files.wordpress.com\/2019\/07\/img_1997.jpg\" alt=\"\" data-id=\"631\" data-link=\"https:\/\/petitmagellan.com\/img_1997\/\" class=\"wp-image-631\" \/><\/figure><\/li><li class=\"blocks-gallery-item\"><figure><img decoding=\"async\" src=\"https:\/\/petitmagellan.files.wordpress.com\/2019\/07\/img_2003-1.jpg\" alt=\"\" data-id=\"654\" data-link=\"https:\/\/petitmagellan.com\/img_2003-1\/\" class=\"wp-image-654\" \/><\/figure><\/li><li class=\"blocks-gallery-item\"><figure><img decoding=\"async\" src=\"https:\/\/petitmagellan.files.wordpress.com\/2019\/07\/img_2026-2.jpg\" alt=\"\" data-id=\"652\" data-link=\"https:\/\/petitmagellan.com\/img_2026-2\/\" class=\"wp-image-652\" \/><\/figure><\/li><\/ul><\/figure>\n\n\n<p>C&rsquo;\u00e9tait toujours aussi beau et, avec nos mains sur ses oreilles, notre petit Hugo ne s&rsquo;est m\u00eame pas r\u00e9veill\u00e9 \ud83d\ude42<\/p>\n\n\n<figure class=\"wp-block-gallery columns-2 is-cropped wp-block-gallery-2 is-layout-flex wp-block-gallery-is-layout-flex\"><ul class=\"blocks-gallery-grid\"><li class=\"blocks-gallery-item\"><figure><img decoding=\"async\" src=\"https:\/\/petitmagellan.files.wordpress.com\/2019\/07\/img_2061-1.jpg\" alt=\"\" data-id=\"633\" data-link=\"https:\/\/petitmagellan.com\/img_2061-1\/\" class=\"wp-image-633\" \/><\/figure><\/li><li class=\"blocks-gallery-item\"><figure><img decoding=\"async\" src=\"https:\/\/petitmagellan.files.wordpress.com\/2019\/07\/img_2068-1.jpg\" alt=\"\" data-id=\"634\" data-link=\"https:\/\/petitmagellan.com\/img_2068-1\/\" class=\"wp-image-634\" \/><\/figure><\/li><\/ul><\/figure>\n","protected":false},"excerpt":{"rendered":"<p>Cette ann\u00e9e, nous \u00e9tions \u00e0 Lyon et nous avons regard\u00e9 le feu d&rsquo;artifice pour la premi\u00e8re fois depuis les jolies pentes de la Croix Rousse. C&rsquo;\u00e9tait toujours aussi beau et, avec nos mains sur ses oreilles, notre petit Hugo ne s&rsquo;est m\u00eame pas r\u00e9veill\u00e9 \ud83d\ude42<\/p>\n","protected":false},"author":1,"featured_media":0,"comment_status":"open","ping_status":"open","sticky":false,"template":"","format":"standard","meta":{"footnotes":""},"categories":[2],"tags":[],"class_list":["post-602","post","type-post","status-publish","format-standard","hentry","category-non-classe"],"_links":{"self":[{"href":"https:\/\/petitmagellan.com\/index.php?rest_route=\/wp\/v2\/posts\/602","targetHints":{"allow":["GET"]}}],"collection":[{"href":"https:\/\/petitmagellan.com\/index.php?rest_route=\/wp\/v2\/posts"}],"about":[{"href":"https:\/\/petitmagellan.com\/index.php?rest_route=\/wp\/v2\/types\/post"}],"author":[{"embeddable":true,"href":"https:\/\/petitmagellan.com\/index.php?rest_route=\/wp\/v2\/users\/1"}],"replies":[{"embeddable":true,"href":"https:\/\/petitmagellan.com\/index.php?rest_route=%2Fwp%2Fv2%2Fcomments&post=602"}],"version-history":[{"count":0,"href":"https:\/\/petitmagellan.com\/index.php?rest_route=\/wp\/v2\/posts\/602\/revisions"}],"wp:attachment":[{"href":"https:\/\/petitmagellan.com\/index.php?rest_route=%2Fwp%2Fv2%2Fmedia&parent=602"}],"wp:term":[{"taxonomy":"category","embeddable":true,"href":"https:\/\/petitmagellan.com\/index.php?rest_route=%2Fwp%2Fv2%2Fcategories&post=602"},{"taxonomy":"post_tag","embeddable":true,"href":"https:\/\/petitmagellan.com\/index.php?rest_route=%2Fwp%2Fv2%2Ftags&post=602"}],"curies":[{"name":"wp","href":"https:\/\/api.w.org\/{rel}","templated":true}]}}