{"id":5970,"date":"2020-12-23T18:37:00","date_gmt":"2020-12-23T17:37:00","guid":{"rendered":"http:\/\/petitmagellan.com\/?p=5970"},"modified":"2020-12-23T18:37:00","modified_gmt":"2020-12-23T17:37:00","slug":"st-armand","status":"publish","type":"post","link":"https:\/\/petitmagellan.com\/?p=5970","title":{"rendered":"St Armand"},"content":{"rendered":"\n<p>Aujourd\u2019hui Armand a une semaine et c\u2019est aussi sa f\u00eate.<\/p>\n\n\n\n<figure class=\"wp-block-gallery columns-1 is-cropped wp-block-gallery-1 is-layout-flex wp-block-gallery-is-layout-flex\"><ul class=\"blocks-gallery-grid\"><li class=\"blocks-gallery-item\"><figure><img decoding=\"async\" src=\"https:\/\/petitmagellan.files.wordpress.com\/2020\/12\/img_4327.jpg\" data-id=\"5979\" class=\"wp-image-5979\" \/><\/figure><\/li><\/ul><\/figure>\n\n\n\n<p>Jusqu\u2019\u00e0 pr\u00e9sent, on peut dire que c\u2019est un b\u00e9b\u00e9 vraiment calme &#8211; il lui arrive de plus en plus de dormir deux heures d\u2019affil\u00e9e en journ\u00e9e, quelques fois trois, et lorsqu\u2019il pleure c\u2019est soit parce qu\u2019il a faim, la couche sale ou besoin d\u2019un gros c\u00e2lin. Presque pas de longs pleurs qui sont tellement angoissants pour les parents. Gentil b\u00e9b\u00e9 !!!<\/p>\n\n\n\n<figure class=\"wp-block-gallery columns-2 is-cropped wp-block-gallery-2 is-layout-flex wp-block-gallery-is-layout-flex\"><ul class=\"blocks-gallery-grid\"><li class=\"blocks-gallery-item\"><figure><img decoding=\"async\" src=\"https:\/\/petitmagellan.files.wordpress.com\/2020\/12\/image-8.jpg\" data-id=\"5986\" class=\"wp-image-5986\" \/><\/figure><\/li><li class=\"blocks-gallery-item\"><figure><img loading=\"lazy\" decoding=\"async\" width=\"1620\" height=\"2160\" src=\"https:\/\/petitmagellan.files.wordpress.com\/2020\/12\/img_2278.jpg\" data-id=\"5981\" class=\"wp-image-5981\" srcset=\"https:\/\/petitmagellan.com\/wp-content\/uploads\/2020\/12\/img_2278.jpg 1620w, https:\/\/petitmagellan.com\/wp-content\/uploads\/2020\/12\/img_2278-225x300.jpg 225w, https:\/\/petitmagellan.com\/wp-content\/uploads\/2020\/12\/img_2278-768x1024.jpg 768w, https:\/\/petitmagellan.com\/wp-content\/uploads\/2020\/12\/img_2278-1152x1536.jpg 1152w, https:\/\/petitmagellan.com\/wp-content\/uploads\/2020\/12\/img_2278-1536x2048.jpg 1536w\" sizes=\"auto, (max-width: 709px) 85vw, (max-width: 909px) 67vw, (max-width: 1362px) 62vw, 840px\" \/><\/figure><\/li><li class=\"blocks-gallery-item\"><figure><img decoding=\"async\" src=\"https:\/\/petitmagellan.files.wordpress.com\/2020\/12\/img_4223-1.jpg\" data-id=\"5984\" class=\"wp-image-5984\" \/><\/figure><\/li><li class=\"blocks-gallery-item\"><figure><img decoding=\"async\" src=\"https:\/\/petitmagellan.files.wordpress.com\/2020\/12\/img_4276.jpg\" data-id=\"5982\" class=\"wp-image-5982\" \/><\/figure><\/li><\/ul><\/figure>\n\n\n\n<p>Bonne f\u00eate Armand !<\/p>\n","protected":false},"excerpt":{"rendered":"<p>Aujourd\u2019hui Armand a une semaine et c\u2019est aussi sa f\u00eate. Jusqu\u2019\u00e0 pr\u00e9sent, on peut dire que c\u2019est un b\u00e9b\u00e9 vraiment calme &#8211; il lui arrive de plus en plus de dormir deux heures d\u2019affil\u00e9e en journ\u00e9e, quelques fois trois, et lorsqu\u2019il pleure c\u2019est soit parce qu\u2019il a faim, la couche sale ou besoin d\u2019un gros &hellip; <a href=\"https:\/\/petitmagellan.com\/?p=5970\" class=\"more-link\">Continuer la lecture<span class=\"screen-reader-text\"> de &laquo;&nbsp;St Armand&nbsp;&raquo;<\/span><\/a><\/p>\n","protected":false},"author":1,"featured_media":0,"comment_status":"open","ping_status":"open","sticky":false,"template":"","format":"standard","meta":{"footnotes":""},"categories":[2],"tags":[],"class_list":["post-5970","post","type-post","status-publish","format-standard","hentry","category-non-classe"],"_links":{"self":[{"href":"https:\/\/petitmagellan.com\/index.php?rest_route=\/wp\/v2\/posts\/5970","targetHints":{"allow":["GET"]}}],"collection":[{"href":"https:\/\/petitmagellan.com\/index.php?rest_route=\/wp\/v2\/posts"}],"about":[{"href":"https:\/\/petitmagellan.com\/index.php?rest_route=\/wp\/v2\/types\/post"}],"author":[{"embeddable":true,"href":"https:\/\/petitmagellan.com\/index.php?rest_route=\/wp\/v2\/users\/1"}],"replies":[{"embeddable":true,"href":"https:\/\/petitmagellan.com\/index.php?rest_route=%2Fwp%2Fv2%2Fcomments&post=5970"}],"version-history":[{"count":0,"href":"https:\/\/petitmagellan.com\/index.php?rest_route=\/wp\/v2\/posts\/5970\/revisions"}],"wp:attachment":[{"href":"https:\/\/petitmagellan.com\/index.php?rest_route=%2Fwp%2Fv2%2Fmedia&parent=5970"}],"wp:term":[{"taxonomy":"category","embeddable":true,"href":"https:\/\/petitmagellan.com\/index.php?rest_route=%2Fwp%2Fv2%2Fcategories&post=5970"},{"taxonomy":"post_tag","embeddable":true,"href":"https:\/\/petitmagellan.com\/index.php?rest_route=%2Fwp%2Fv2%2Ftags&post=5970"}],"curies":[{"name":"wp","href":"https:\/\/api.w.org\/{rel}","templated":true}]}}