{"id":5842,"date":"2020-12-26T10:26:00","date_gmt":"2020-12-26T09:26:00","guid":{"rendered":"http:\/\/petitmagellan.com\/?p=5842"},"modified":"2020-12-26T10:26:00","modified_gmt":"2020-12-26T09:26:00","slug":"premieres-sorties","status":"publish","type":"post","link":"https:\/\/petitmagellan.com\/?p=5842","title":{"rendered":"Premi\u00e8res sorties"},"content":{"rendered":"\n<p>Plusieurs rendez-vous avec la sage-femme ces derniers jours pour le suivi d\u2019Armand et tout va tr\u00e8s bien. <\/p>\n\n\n\n<p>Ce petit b\u00e9b\u00e9 mange bien et avait presque repris son poids de naissance \u00e0 J8, \u00e0 10 grammes pr\u00e8s \ud83d\ude42<\/p>\n\n\n\n<figure class=\"wp-block-gallery columns-1 is-cropped wp-block-gallery-1 is-layout-flex wp-block-gallery-is-layout-flex\"><ul class=\"blocks-gallery-grid\"><li class=\"blocks-gallery-item\"><figure><img decoding=\"async\" src=\"https:\/\/petitmagellan.files.wordpress.com\/2020\/12\/image-4.jpg\" data-id=\"5846\" class=\"wp-image-5846\" \/><\/figure><\/li><\/ul><\/figure>\n\n\n\n<figure class=\"wp-block-gallery columns-1 is-cropped wp-block-gallery-2 is-layout-flex wp-block-gallery-is-layout-flex\"><ul class=\"blocks-gallery-grid\"><li class=\"blocks-gallery-item\"><figure><img decoding=\"async\" src=\"https:\/\/petitmagellan.files.wordpress.com\/2020\/12\/image-1-2.jpg\" data-id=\"5849\" class=\"wp-image-5849\" \/><\/figure><\/li><\/ul><\/figure>\n\n\n\n<p>Il a m\u00eame fait sa premi\u00e8re sortie en porte-b\u00e9b\u00e9 dimanche dernier et je crois que \u00e7a lui a bien plu.<\/p>\n\n\n\n<figure class=\"wp-block-gallery columns-2 is-cropped wp-block-gallery-3 is-layout-flex wp-block-gallery-is-layout-flex\"><ul class=\"blocks-gallery-grid\"><li class=\"blocks-gallery-item\"><figure><img decoding=\"async\" src=\"https:\/\/petitmagellan.files.wordpress.com\/2020\/12\/img_4230.jpg\" data-id=\"5857\" class=\"wp-image-5857\" \/><\/figure><\/li><li class=\"blocks-gallery-item\"><figure><img decoding=\"async\" src=\"https:\/\/petitmagellan.files.wordpress.com\/2020\/12\/img_4251.jpg\" data-id=\"5856\" class=\"wp-image-5856\" \/><\/figure><\/li><\/ul><\/figure>\n","protected":false},"excerpt":{"rendered":"<p>Plusieurs rendez-vous avec la sage-femme ces derniers jours pour le suivi d\u2019Armand et tout va tr\u00e8s bien. Ce petit b\u00e9b\u00e9 mange bien et avait presque repris son poids de naissance \u00e0 J8, \u00e0 10 grammes pr\u00e8s \ud83d\ude42 Il a m\u00eame fait sa premi\u00e8re sortie en porte-b\u00e9b\u00e9 dimanche dernier et je crois que \u00e7a lui a &hellip; <a href=\"https:\/\/petitmagellan.com\/?p=5842\" class=\"more-link\">Continuer la lecture<span class=\"screen-reader-text\"> de &laquo;&nbsp;Premi\u00e8res sorties&nbsp;&raquo;<\/span><\/a><\/p>\n","protected":false},"author":1,"featured_media":0,"comment_status":"open","ping_status":"open","sticky":false,"template":"","format":"standard","meta":{"footnotes":""},"categories":[2],"tags":[],"class_list":["post-5842","post","type-post","status-publish","format-standard","hentry","category-non-classe"],"_links":{"self":[{"href":"https:\/\/petitmagellan.com\/index.php?rest_route=\/wp\/v2\/posts\/5842","targetHints":{"allow":["GET"]}}],"collection":[{"href":"https:\/\/petitmagellan.com\/index.php?rest_route=\/wp\/v2\/posts"}],"about":[{"href":"https:\/\/petitmagellan.com\/index.php?rest_route=\/wp\/v2\/types\/post"}],"author":[{"embeddable":true,"href":"https:\/\/petitmagellan.com\/index.php?rest_route=\/wp\/v2\/users\/1"}],"replies":[{"embeddable":true,"href":"https:\/\/petitmagellan.com\/index.php?rest_route=%2Fwp%2Fv2%2Fcomments&post=5842"}],"version-history":[{"count":0,"href":"https:\/\/petitmagellan.com\/index.php?rest_route=\/wp\/v2\/posts\/5842\/revisions"}],"wp:attachment":[{"href":"https:\/\/petitmagellan.com\/index.php?rest_route=%2Fwp%2Fv2%2Fmedia&parent=5842"}],"wp:term":[{"taxonomy":"category","embeddable":true,"href":"https:\/\/petitmagellan.com\/index.php?rest_route=%2Fwp%2Fv2%2Fcategories&post=5842"},{"taxonomy":"post_tag","embeddable":true,"href":"https:\/\/petitmagellan.com\/index.php?rest_route=%2Fwp%2Fv2%2Ftags&post=5842"}],"curies":[{"name":"wp","href":"https:\/\/api.w.org\/{rel}","templated":true}]}}