{"id":5372,"date":"2020-10-02T17:04:00","date_gmt":"2020-10-02T16:04:00","guid":{"rendered":"http:\/\/petitmagellan.com\/?p=5372"},"modified":"2020-10-02T17:04:00","modified_gmt":"2020-10-02T16:04:00","slug":"examen-des-16-mois","status":"publish","type":"post","link":"https:\/\/petitmagellan.com\/?p=5372","title":{"rendered":"Examen des 16 mois"},"content":{"rendered":"\n<p>Hier, Hugo avait rendez-vous chez le p\u00e9diatre.<\/p>\n\n\n\n<figure class=\"wp-block-gallery columns-2 is-cropped wp-block-gallery-1 is-layout-flex wp-block-gallery-is-layout-flex\"><ul class=\"blocks-gallery-grid\"><li class=\"blocks-gallery-item\"><figure><img decoding=\"async\" src=\"https:\/\/petitmagellan.files.wordpress.com\/2020\/10\/img_2548.jpg\" data-id=\"5367\" class=\"wp-image-5367\" \/><\/figure><\/li><li class=\"blocks-gallery-item\"><figure><img decoding=\"async\" src=\"https:\/\/petitmagellan.files.wordpress.com\/2020\/10\/img_2549.jpg\" data-id=\"5369\" class=\"wp-image-5369\" \/><\/figure><\/li><li class=\"blocks-gallery-item\"><figure><img decoding=\"async\" src=\"https:\/\/petitmagellan.files.wordpress.com\/2020\/10\/img_2551.jpg\" data-id=\"5368\" class=\"wp-image-5368\" \/><\/figure><\/li><\/ul><\/figure>\n\n\n\n<p>Il a de nouveau hurl\u00e9 d\u00e8s que le docteur a pos\u00e9 les mains sur lui et, pour ne rien arranger, il a aussi eu droit \u00e0 un rappel de vaccin. Il s\u2019est bien d\u00e9battu et on a eu du mal \u00e0 le contenir, m\u00eame \u00e0 deux !<\/p>\n\n\n\n<p>C\u00f4t\u00e9 mesures, il p\u00e8se toujours 10 kg (il avait perdu cet \u00e9t\u00e9 pendant sa \u00ab gr\u00e8ve de la faim \u00bb) et mesure 85 cm. Ce qui veut dire qu\u2019il a pris 6,5 cm depuis le mois de mai&#8230; !<\/p>\n\n\n\n<figure class=\"wp-block-gallery columns-1 is-cropped wp-block-gallery-2 is-layout-flex wp-block-gallery-is-layout-flex\"><ul class=\"blocks-gallery-grid\"><li class=\"blocks-gallery-item\"><figure><img decoding=\"async\" src=\"https:\/\/petitmagellan.files.wordpress.com\/2020\/10\/img_2557.jpg\" data-id=\"5371\" class=\"wp-image-5371\" \/><\/figure><\/li><\/ul><\/figure>\n\n\n\n<p>Au moment de partir, le p\u00e9diatre m\u2019a dit qu\u2019il le reverrait lors de l\u2019examen du premier mois de son futur petit fr\u00e8re&#8230; \u00e7a rend les choses bien concr\u00e8tes !!<\/p>\n","protected":false},"excerpt":{"rendered":"<p>Hier, Hugo avait rendez-vous chez le p\u00e9diatre. Il a de nouveau hurl\u00e9 d\u00e8s que le docteur a pos\u00e9 les mains sur lui et, pour ne rien arranger, il a aussi eu droit \u00e0 un rappel de vaccin. Il s\u2019est bien d\u00e9battu et on a eu du mal \u00e0 le contenir, m\u00eame \u00e0 deux ! C\u00f4t\u00e9 &hellip; <a href=\"https:\/\/petitmagellan.com\/?p=5372\" class=\"more-link\">Continuer la lecture<span class=\"screen-reader-text\"> de &laquo;&nbsp;Examen des 16 mois&nbsp;&raquo;<\/span><\/a><\/p>\n","protected":false},"author":1,"featured_media":0,"comment_status":"open","ping_status":"open","sticky":false,"template":"","format":"standard","meta":{"footnotes":""},"categories":[2],"tags":[],"class_list":["post-5372","post","type-post","status-publish","format-standard","hentry","category-non-classe"],"_links":{"self":[{"href":"https:\/\/petitmagellan.com\/index.php?rest_route=\/wp\/v2\/posts\/5372","targetHints":{"allow":["GET"]}}],"collection":[{"href":"https:\/\/petitmagellan.com\/index.php?rest_route=\/wp\/v2\/posts"}],"about":[{"href":"https:\/\/petitmagellan.com\/index.php?rest_route=\/wp\/v2\/types\/post"}],"author":[{"embeddable":true,"href":"https:\/\/petitmagellan.com\/index.php?rest_route=\/wp\/v2\/users\/1"}],"replies":[{"embeddable":true,"href":"https:\/\/petitmagellan.com\/index.php?rest_route=%2Fwp%2Fv2%2Fcomments&post=5372"}],"version-history":[{"count":0,"href":"https:\/\/petitmagellan.com\/index.php?rest_route=\/wp\/v2\/posts\/5372\/revisions"}],"wp:attachment":[{"href":"https:\/\/petitmagellan.com\/index.php?rest_route=%2Fwp%2Fv2%2Fmedia&parent=5372"}],"wp:term":[{"taxonomy":"category","embeddable":true,"href":"https:\/\/petitmagellan.com\/index.php?rest_route=%2Fwp%2Fv2%2Fcategories&post=5372"},{"taxonomy":"post_tag","embeddable":true,"href":"https:\/\/petitmagellan.com\/index.php?rest_route=%2Fwp%2Fv2%2Ftags&post=5372"}],"curies":[{"name":"wp","href":"https:\/\/api.w.org\/{rel}","templated":true}]}}