{"id":5353,"date":"2020-09-25T21:50:00","date_gmt":"2020-09-25T20:50:00","guid":{"rendered":"http:\/\/petitmagellan.com\/?p=5353"},"modified":"2020-09-25T21:50:00","modified_gmt":"2020-09-25T20:50:00","slug":"mauvais-quart-dheure","status":"publish","type":"post","link":"https:\/\/petitmagellan.com\/?p=5353","title":{"rendered":"Mauvais quart d\u2019heure"},"content":{"rendered":"\n<p>Hier, j\u2019ai emmen\u00e9 Hugo chez le coiffeur. Il \u00e9tait grand temps de raccourcir ces longues m\u00e8ches !<\/p>\n\n\n\n<figure class=\"wp-block-gallery columns-1 is-cropped wp-block-gallery-1 is-layout-flex wp-block-gallery-is-layout-flex\"><ul class=\"blocks-gallery-grid\"><li class=\"blocks-gallery-item\"><figure><img decoding=\"async\" src=\"https:\/\/petitmagellan.files.wordpress.com\/2020\/09\/img_2485.jpg\" data-id=\"5349\" class=\"wp-image-5349\" \/><\/figure><\/li><\/ul><\/figure>\n\n\n\n<p>Pas de chance, il a pleur\u00e9 quasiment du d\u00e9but \u00e0 la fin et les deux coiffeuses qui tentaient de le distraire (petit g\u00e2teau, dessin anim\u00e9, cadeau&#8230;) n\u2019ont eu droit qu\u2019\u00e0 quelques sourires furtifs aussit\u00f4t suivis de larmes. Le calme est revenu une fois la coupe termin\u00e9e.<\/p>\n\n\n\n<figure class=\"wp-block-gallery columns-1 is-cropped wp-block-gallery-2 is-layout-flex wp-block-gallery-is-layout-flex\"><ul class=\"blocks-gallery-grid\"><li class=\"blocks-gallery-item\"><figure><img decoding=\"async\" src=\"https:\/\/petitmagellan.files.wordpress.com\/2020\/09\/img_2487-1.jpg\" data-id=\"5354\" class=\"wp-image-5354\" \/><\/figure><\/li><\/ul><\/figure>\n\n\n\n<p>Mauvaise nouvelle pour toi mon Hugo, il faudra y retourner r\u00e9guli\u00e8rement car je ne compte pas te faire des couettes&#8230; En esp\u00e9rant que tu le vives mieux la prochaine fois !<\/p>\n\n\n\n<figure class=\"wp-block-gallery columns-1 is-cropped wp-block-gallery-3 is-layout-flex wp-block-gallery-is-layout-flex\"><ul class=\"blocks-gallery-grid\"><li class=\"blocks-gallery-item\"><figure><img decoding=\"async\" src=\"https:\/\/petitmagellan.files.wordpress.com\/2020\/09\/img_2489.jpg\" data-id=\"5352\" class=\"wp-image-5352\" \/><\/figure><\/li><\/ul><\/figure>\n","protected":false},"excerpt":{"rendered":"<p>Hier, j\u2019ai emmen\u00e9 Hugo chez le coiffeur. Il \u00e9tait grand temps de raccourcir ces longues m\u00e8ches ! Pas de chance, il a pleur\u00e9 quasiment du d\u00e9but \u00e0 la fin et les deux coiffeuses qui tentaient de le distraire (petit g\u00e2teau, dessin anim\u00e9, cadeau&#8230;) n\u2019ont eu droit qu\u2019\u00e0 quelques sourires furtifs aussit\u00f4t suivis de larmes. Le &hellip; <a href=\"https:\/\/petitmagellan.com\/?p=5353\" class=\"more-link\">Continuer la lecture<span class=\"screen-reader-text\"> de &laquo;&nbsp;Mauvais quart d\u2019heure&nbsp;&raquo;<\/span><\/a><\/p>\n","protected":false},"author":1,"featured_media":0,"comment_status":"open","ping_status":"open","sticky":false,"template":"","format":"standard","meta":{"footnotes":""},"categories":[2],"tags":[],"class_list":["post-5353","post","type-post","status-publish","format-standard","hentry","category-non-classe"],"_links":{"self":[{"href":"https:\/\/petitmagellan.com\/index.php?rest_route=\/wp\/v2\/posts\/5353","targetHints":{"allow":["GET"]}}],"collection":[{"href":"https:\/\/petitmagellan.com\/index.php?rest_route=\/wp\/v2\/posts"}],"about":[{"href":"https:\/\/petitmagellan.com\/index.php?rest_route=\/wp\/v2\/types\/post"}],"author":[{"embeddable":true,"href":"https:\/\/petitmagellan.com\/index.php?rest_route=\/wp\/v2\/users\/1"}],"replies":[{"embeddable":true,"href":"https:\/\/petitmagellan.com\/index.php?rest_route=%2Fwp%2Fv2%2Fcomments&post=5353"}],"version-history":[{"count":0,"href":"https:\/\/petitmagellan.com\/index.php?rest_route=\/wp\/v2\/posts\/5353\/revisions"}],"wp:attachment":[{"href":"https:\/\/petitmagellan.com\/index.php?rest_route=%2Fwp%2Fv2%2Fmedia&parent=5353"}],"wp:term":[{"taxonomy":"category","embeddable":true,"href":"https:\/\/petitmagellan.com\/index.php?rest_route=%2Fwp%2Fv2%2Fcategories&post=5353"},{"taxonomy":"post_tag","embeddable":true,"href":"https:\/\/petitmagellan.com\/index.php?rest_route=%2Fwp%2Fv2%2Ftags&post=5353"}],"curies":[{"name":"wp","href":"https:\/\/api.w.org\/{rel}","templated":true}]}}