{"id":5293,"date":"2020-09-11T18:12:00","date_gmt":"2020-09-11T17:12:00","guid":{"rendered":"http:\/\/petitmagellan.com\/?p=5293"},"modified":"2020-09-11T18:12:00","modified_gmt":"2020-09-11T17:12:00","slug":"avec-papa","status":"publish","type":"post","link":"https:\/\/petitmagellan.com\/?p=5293","title":{"rendered":"Avec papa"},"content":{"rendered":"\n<p>Semaine un peu mouvement\u00e9e par ici et j\u2019ai laiss\u00e9 tra\u00eener de c\u00f4t\u00e9 quelques articles et photos que je voulais publier. Je n\u2019ai pas de photo d\u2019Alex avec Hugo pour son anniversaire la semaine derni\u00e8re car il \u00e9tait d\u00e9j\u00e0 couch\u00e9 quand Alex a souffl\u00e9 sa bougie, mais j\u2019ai retrouv\u00e9 celle-ci que mon p\u00e8re a prise cet \u00e9t\u00e9 et que j\u2019adore &lt;3<\/p>\n\n\n\n<figure class=\"wp-block-gallery columns-1 is-cropped wp-block-gallery-1 is-layout-flex wp-block-gallery-is-layout-flex\"><ul class=\"blocks-gallery-grid\"><li class=\"blocks-gallery-item\"><figure><img decoding=\"async\" src=\"https:\/\/petitmagellan.files.wordpress.com\/2020\/09\/dsc_3821.jpg\" data-id=\"5295\" class=\"wp-image-5295\" \/><\/figure><\/li><li class=\"blocks-gallery-item\"><figure><img loading=\"lazy\" decoding=\"async\" width=\"1689\" height=\"1247\" src=\"https:\/\/petitmagellan.files.wordpress.com\/2020\/09\/image.jpg\" data-id=\"5308\" class=\"wp-image-5308\" srcset=\"https:\/\/petitmagellan.com\/wp-content\/uploads\/2020\/09\/image.jpg 1689w, https:\/\/petitmagellan.com\/wp-content\/uploads\/2020\/09\/image-300x221.jpg 300w, https:\/\/petitmagellan.com\/wp-content\/uploads\/2020\/09\/image-1024x756.jpg 1024w, https:\/\/petitmagellan.com\/wp-content\/uploads\/2020\/09\/image-768x567.jpg 768w, https:\/\/petitmagellan.com\/wp-content\/uploads\/2020\/09\/image-1536x1134.jpg 1536w\" sizes=\"auto, (max-width: 709px) 85vw, (max-width: 909px) 67vw, (max-width: 1362px) 62vw, 840px\" \/><\/figure><\/li><\/ul><\/figure>\n","protected":false},"excerpt":{"rendered":"<p>Semaine un peu mouvement\u00e9e par ici et j\u2019ai laiss\u00e9 tra\u00eener de c\u00f4t\u00e9 quelques articles et photos que je voulais publier. Je n\u2019ai pas de photo d\u2019Alex avec Hugo pour son anniversaire la semaine derni\u00e8re car il \u00e9tait d\u00e9j\u00e0 couch\u00e9 quand Alex a souffl\u00e9 sa bougie, mais j\u2019ai retrouv\u00e9 celle-ci que mon p\u00e8re a prise cet &hellip; <a href=\"https:\/\/petitmagellan.com\/?p=5293\" class=\"more-link\">Continuer la lecture<span class=\"screen-reader-text\"> de &laquo;&nbsp;Avec papa&nbsp;&raquo;<\/span><\/a><\/p>\n","protected":false},"author":1,"featured_media":0,"comment_status":"open","ping_status":"open","sticky":false,"template":"","format":"standard","meta":{"footnotes":""},"categories":[2],"tags":[],"class_list":["post-5293","post","type-post","status-publish","format-standard","hentry","category-non-classe"],"_links":{"self":[{"href":"https:\/\/petitmagellan.com\/index.php?rest_route=\/wp\/v2\/posts\/5293","targetHints":{"allow":["GET"]}}],"collection":[{"href":"https:\/\/petitmagellan.com\/index.php?rest_route=\/wp\/v2\/posts"}],"about":[{"href":"https:\/\/petitmagellan.com\/index.php?rest_route=\/wp\/v2\/types\/post"}],"author":[{"embeddable":true,"href":"https:\/\/petitmagellan.com\/index.php?rest_route=\/wp\/v2\/users\/1"}],"replies":[{"embeddable":true,"href":"https:\/\/petitmagellan.com\/index.php?rest_route=%2Fwp%2Fv2%2Fcomments&post=5293"}],"version-history":[{"count":0,"href":"https:\/\/petitmagellan.com\/index.php?rest_route=\/wp\/v2\/posts\/5293\/revisions"}],"wp:attachment":[{"href":"https:\/\/petitmagellan.com\/index.php?rest_route=%2Fwp%2Fv2%2Fmedia&parent=5293"}],"wp:term":[{"taxonomy":"category","embeddable":true,"href":"https:\/\/petitmagellan.com\/index.php?rest_route=%2Fwp%2Fv2%2Fcategories&post=5293"},{"taxonomy":"post_tag","embeddable":true,"href":"https:\/\/petitmagellan.com\/index.php?rest_route=%2Fwp%2Fv2%2Ftags&post=5293"}],"curies":[{"name":"wp","href":"https:\/\/api.w.org\/{rel}","templated":true}]}}