{"id":5251,"date":"2020-08-30T20:41:00","date_gmt":"2020-08-30T19:41:00","guid":{"rendered":"http:\/\/petitmagellan.com\/?p=5251"},"modified":"2020-08-30T20:41:00","modified_gmt":"2020-08-30T19:41:00","slug":"appetit-retrouve","status":"publish","type":"post","link":"https:\/\/petitmagellan.com\/?p=5251","title":{"rendered":"App\u00e9tit retrouv\u00e9"},"content":{"rendered":"\n<p>Notre petit Hugo nous aura bien pr\u00e9occup\u00e9s cet \u00e9t\u00e9. J\u2019avais d\u00e9j\u00e0 mentionn\u00e9 le fait qu\u2019il avait commenc\u00e9 \u00e0 bouder les repas sal\u00e9s fin juin \/ d\u00e9but juillet. \u00c0 ce moment-l\u00e0, cela se caract\u00e9risait juste par une baisse d\u2019app\u00e9tit. Il mangeait moins, puis beaucoup moins, puis, courant juillet, plus du tout de viande, de poisson, de l\u00e9gumes ou de f\u00e9culents. D\u00e9but ao\u00fbt, on en \u00e9tait toujours au m\u00eame stade mais il avait quand m\u00eame toujours faim pour les go\u00fbters et son biberon.<\/p>\n\n\n\n<p>Malheureusement, le sucr\u00e9 n\u2019a pas fait exception longtemps. Pendant nos vacances, Hugo a continu\u00e9 sur sa lanc\u00e9e et s\u2019est mis \u00e0 refuser ses laitages, ses compotes, ses biscuits et m\u00eame son lait&#8230;.. Il ne mangeait plus rien. On continuait \u00e0 lui proposer de tout, tous les jours, en essayant de ne pas trop lui montrer notre inqui\u00e9tude (pas facile) au risque de le braquer encore plus ou que cela ne devienne un petit jeu pour lui. <\/p>\n\n\n\n<p>Certains soirs, on \u00e9tait assez d\u00e9sempar\u00e9s de le coucher le ventre vide et on se demandait vraiment comment il tenait. \u00c9trangement, il \u00e9tait comme d\u2019habitude, en pleine forme et d\u00e9bordant d\u2019\u00e9nergie. Par contre, sa petite perte de poids commen\u00e7ait \u00e0 se remarquer : ses couches devenaient trop grandes et certains habits un peu serr\u00e9s lui allaient de nouveau parfaitement.<\/p>\n\n\n\n<p>Et puis, une semaine avant de rentrer, cette \u00ab gr\u00e8ve de la faim \u00bb a enfin cess\u00e9 ! Progressivement, Hugo s\u2019est de nouveau int\u00e9ress\u00e9 \u00e0 ce qu\u2019on lui proposait, il a recommenc\u00e9 \u00e0 boire ses biberons, il a accept\u00e9 qu\u2019on lui redonne parfois \u00e0 manger \u00e0 la cuill\u00e8re et nous a m\u00eame laiss\u00e9 sans voix en d\u00e9vorant des moules et en go\u00fbtant avec plaisir plein de nouvelles choses.<\/p>\n\n\n\n<p>Il est redevenu le petit gourmand qu\u2019il \u00e9tait et r\u00e9clame tr\u00e8s souvent sa part lorsqu\u2019il nous voit manger quelque chose. D\u2019ailleurs, quand il a faim ou qu\u2019il savoure un aliment, il dit \u00ab mam mam \u00bb. Rien de tel pour nous faire plaisir \ud83d\ude42<\/p>\n\n\n\n<p>Parents soulag\u00e9s !!!<\/p>\n\n\n\n<figure class=\"wp-block-gallery columns-1 is-cropped wp-block-gallery-1 is-layout-flex wp-block-gallery-is-layout-flex\"><ul class=\"blocks-gallery-grid\"><li class=\"blocks-gallery-item\"><figure><img decoding=\"async\" src=\"https:\/\/petitmagellan.files.wordpress.com\/2020\/08\/img_2262.jpg\" data-id=\"5255\" class=\"wp-image-5255\" \/><\/figure><\/li><\/ul><\/figure>\n","protected":false},"excerpt":{"rendered":"<p>Notre petit Hugo nous aura bien pr\u00e9occup\u00e9s cet \u00e9t\u00e9. J\u2019avais d\u00e9j\u00e0 mentionn\u00e9 le fait qu\u2019il avait commenc\u00e9 \u00e0 bouder les repas sal\u00e9s fin juin \/ d\u00e9but juillet. \u00c0 ce moment-l\u00e0, cela se caract\u00e9risait juste par une baisse d\u2019app\u00e9tit. Il mangeait moins, puis beaucoup moins, puis, courant juillet, plus du tout de viande, de poisson, de &hellip; <a href=\"https:\/\/petitmagellan.com\/?p=5251\" class=\"more-link\">Continuer la lecture<span class=\"screen-reader-text\"> de &laquo;&nbsp;App\u00e9tit retrouv\u00e9&nbsp;&raquo;<\/span><\/a><\/p>\n","protected":false},"author":1,"featured_media":0,"comment_status":"open","ping_status":"open","sticky":false,"template":"","format":"standard","meta":{"footnotes":""},"categories":[2],"tags":[],"class_list":["post-5251","post","type-post","status-publish","format-standard","hentry","category-non-classe"],"_links":{"self":[{"href":"https:\/\/petitmagellan.com\/index.php?rest_route=\/wp\/v2\/posts\/5251","targetHints":{"allow":["GET"]}}],"collection":[{"href":"https:\/\/petitmagellan.com\/index.php?rest_route=\/wp\/v2\/posts"}],"about":[{"href":"https:\/\/petitmagellan.com\/index.php?rest_route=\/wp\/v2\/types\/post"}],"author":[{"embeddable":true,"href":"https:\/\/petitmagellan.com\/index.php?rest_route=\/wp\/v2\/users\/1"}],"replies":[{"embeddable":true,"href":"https:\/\/petitmagellan.com\/index.php?rest_route=%2Fwp%2Fv2%2Fcomments&post=5251"}],"version-history":[{"count":0,"href":"https:\/\/petitmagellan.com\/index.php?rest_route=\/wp\/v2\/posts\/5251\/revisions"}],"wp:attachment":[{"href":"https:\/\/petitmagellan.com\/index.php?rest_route=%2Fwp%2Fv2%2Fmedia&parent=5251"}],"wp:term":[{"taxonomy":"category","embeddable":true,"href":"https:\/\/petitmagellan.com\/index.php?rest_route=%2Fwp%2Fv2%2Fcategories&post=5251"},{"taxonomy":"post_tag","embeddable":true,"href":"https:\/\/petitmagellan.com\/index.php?rest_route=%2Fwp%2Fv2%2Ftags&post=5251"}],"curies":[{"name":"wp","href":"https:\/\/api.w.org\/{rel}","templated":true}]}}