{"id":5205,"date":"2020-09-21T13:02:00","date_gmt":"2020-09-21T12:02:00","guid":{"rendered":"http:\/\/petitmagellan.com\/?p=5205"},"modified":"2020-09-21T13:02:00","modified_gmt":"2020-09-21T12:02:00","slug":"fans-de-paco","status":"publish","type":"post","link":"https:\/\/petitmagellan.com\/?p=5205","title":{"rendered":"Fans de Paco"},"content":{"rendered":"\n<p>Chez nous, les livres <a href=\"https:\/\/www.google.fr\/search?q=livres+Paco&amp;tbm=isch&amp;ved=2ahUKEwiD_7zZlvrrAhUJdBoKHZH8AygQ2-cCegQIABAC&amp;oq=livres+Paco&amp;gs_lcp=ChJtb2JpbGUtZ3dzLXdpei1pbWcQAzIGCAAQCBAeMgYIABAIEB5QroYBWNWMAWCDkwFoAHAAeACAAXSIAdkBkgEDMC4ymAEAoAEBwAEB&amp;sclient=mobile-gws-wiz-img&amp;ei=4JJoX4OPM4noaZH5j8AC&amp;bih=719&amp;biw=414&amp;client=safari&amp;prmd=sinv&amp;hl=fr-fr\">Paco<\/a> font l\u2019unanimit\u00e9 ! Une amie m\u2019en avait pr\u00eat\u00e9 un quand Hugo \u00e9tait plus petit et ce fut une belle d\u00e9couverte : de beaux dessins, une vraie histoire et surtout des musiques et un son de qualit\u00e9 (pas souvent le cas avec les livres sonores).<\/p>\n\n\n\n<p>Hugo nous les a r\u00e9clam\u00e9s sans cesse cet \u00e9t\u00e9 et il adore danser dessus (et nous aussi, en plus de conna\u00eetre les airs par c\u0153ur). Je recommande !<\/p>\n\n\n\n<figure class=\"wp-block-gallery columns-1 is-cropped wp-block-gallery-1 is-layout-flex wp-block-gallery-is-layout-flex\"><ul class=\"blocks-gallery-grid\"><li class=\"blocks-gallery-item\"><figure><img loading=\"lazy\" decoding=\"async\" width=\"1792\" height=\"2116\" src=\"https:\/\/petitmagellan.files.wordpress.com\/2020\/09\/image-2.jpg\" data-id=\"5339\" class=\"wp-image-5339\" srcset=\"https:\/\/petitmagellan.com\/wp-content\/uploads\/2020\/09\/image-2.jpg 1792w, https:\/\/petitmagellan.com\/wp-content\/uploads\/2020\/09\/image-2-254x300.jpg 254w, https:\/\/petitmagellan.com\/wp-content\/uploads\/2020\/09\/image-2-867x1024.jpg 867w, https:\/\/petitmagellan.com\/wp-content\/uploads\/2020\/09\/image-2-768x907.jpg 768w, https:\/\/petitmagellan.com\/wp-content\/uploads\/2020\/09\/image-2-1301x1536.jpg 1301w, https:\/\/petitmagellan.com\/wp-content\/uploads\/2020\/09\/image-2-1734x2048.jpg 1734w\" sizes=\"auto, (max-width: 709px) 85vw, (max-width: 909px) 67vw, (max-width: 1362px) 62vw, 840px\" \/><\/figure><\/li><li class=\"blocks-gallery-item\"><figure><img decoding=\"async\" src=\"https:\/\/petitmagellan.files.wordpress.com\/2020\/09\/img_2455.jpg\" data-id=\"5333\" class=\"wp-image-5333\" \/><\/figure><\/li><\/ul><\/figure>\n","protected":false},"excerpt":{"rendered":"<p>Chez nous, les livres Paco font l\u2019unanimit\u00e9 ! Une amie m\u2019en avait pr\u00eat\u00e9 un quand Hugo \u00e9tait plus petit et ce fut une belle d\u00e9couverte : de beaux dessins, une vraie histoire et surtout des musiques et un son de qualit\u00e9 (pas souvent le cas avec les livres sonores). Hugo nous les a r\u00e9clam\u00e9s sans &hellip; <a href=\"https:\/\/petitmagellan.com\/?p=5205\" class=\"more-link\">Continuer la lecture<span class=\"screen-reader-text\"> de &laquo;&nbsp;Fans de Paco&nbsp;&raquo;<\/span><\/a><\/p>\n","protected":false},"author":1,"featured_media":0,"comment_status":"open","ping_status":"open","sticky":false,"template":"","format":"standard","meta":{"footnotes":""},"categories":[2],"tags":[],"class_list":["post-5205","post","type-post","status-publish","format-standard","hentry","category-non-classe"],"_links":{"self":[{"href":"https:\/\/petitmagellan.com\/index.php?rest_route=\/wp\/v2\/posts\/5205","targetHints":{"allow":["GET"]}}],"collection":[{"href":"https:\/\/petitmagellan.com\/index.php?rest_route=\/wp\/v2\/posts"}],"about":[{"href":"https:\/\/petitmagellan.com\/index.php?rest_route=\/wp\/v2\/types\/post"}],"author":[{"embeddable":true,"href":"https:\/\/petitmagellan.com\/index.php?rest_route=\/wp\/v2\/users\/1"}],"replies":[{"embeddable":true,"href":"https:\/\/petitmagellan.com\/index.php?rest_route=%2Fwp%2Fv2%2Fcomments&post=5205"}],"version-history":[{"count":0,"href":"https:\/\/petitmagellan.com\/index.php?rest_route=\/wp\/v2\/posts\/5205\/revisions"}],"wp:attachment":[{"href":"https:\/\/petitmagellan.com\/index.php?rest_route=%2Fwp%2Fv2%2Fmedia&parent=5205"}],"wp:term":[{"taxonomy":"category","embeddable":true,"href":"https:\/\/petitmagellan.com\/index.php?rest_route=%2Fwp%2Fv2%2Fcategories&post=5205"},{"taxonomy":"post_tag","embeddable":true,"href":"https:\/\/petitmagellan.com\/index.php?rest_route=%2Fwp%2Fv2%2Ftags&post=5205"}],"curies":[{"name":"wp","href":"https:\/\/api.w.org\/{rel}","templated":true}]}}