{"id":4967,"date":"2020-08-07T19:38:00","date_gmt":"2020-08-07T18:38:00","guid":{"rendered":"http:\/\/petitmagellan.com\/?p=4967"},"modified":"2020-08-07T19:38:00","modified_gmt":"2020-08-07T18:38:00","slug":"15-mois","status":"publish","type":"post","link":"https:\/\/petitmagellan.com\/?p=4967","title":{"rendered":"15 mois !"},"content":{"rendered":"\n<p>Les semaines d\u00e9filent et cette petite boule d\u2019\u00e9nergie n\u2019arr\u00eate pas une seconde.<\/p>\n\n\n\n<figure class=\"wp-block-gallery columns-1 is-cropped wp-block-gallery-1 is-layout-flex wp-block-gallery-is-layout-flex\"><ul class=\"blocks-gallery-grid\"><li class=\"blocks-gallery-item\"><figure><img decoding=\"async\" src=\"https:\/\/petitmagellan.files.wordpress.com\/2020\/08\/image.jpg\" data-id=\"4999\" class=\"wp-image-4999\" \/><\/figure><\/li><li class=\"blocks-gallery-item\"><figure><img decoding=\"async\" src=\"https:\/\/petitmagellan.files.wordpress.com\/2020\/08\/img_1317.jpg\" data-id=\"5007\" class=\"wp-image-5007\" \/><\/figure><\/li><\/ul><\/figure>\n\n\n\n<p>Un peu compliqu\u00e9 de sortir ces derniers temps avec les fortes chaleurs mais, d\u00e8s qu\u2019on le peut, on file aux jeux et Hugo se r\u00e9gale. Je suis contente qu\u2019il soit si sociable et affectueux avec les autres enfants (et les mamans du parc le disent aussi !). Il leur fait des sourires, des petites caresses et aussi des gros c\u00e2lins, en les serrant si fort dans ses bras qu\u2019ils tombent \u00e0 la renverse ! C\u2019est trop mignon.<\/p>\n\n\n\n<p>Pour dire \u00e0 quel point il aime les autres enfants : il sourit et pousse des petits cris aigus en voyant la photo du b\u00e9b\u00e9 sur notre bidon de lessive haha.<\/p>\n\n\n\n<figure class=\"wp-block-gallery columns-3 is-cropped wp-block-gallery-2 is-layout-flex wp-block-gallery-is-layout-flex\"><ul class=\"blocks-gallery-grid\"><li class=\"blocks-gallery-item\"><figure><img decoding=\"async\" src=\"https:\/\/petitmagellan.files.wordpress.com\/2020\/08\/img_1127.jpg\" data-id=\"4980\" class=\"wp-image-4980\" \/><\/figure><\/li><li class=\"blocks-gallery-item\"><figure><img decoding=\"async\" src=\"https:\/\/petitmagellan.files.wordpress.com\/2020\/08\/img_1129.jpg\" data-id=\"4983\" class=\"wp-image-4983\" \/><\/figure><\/li><li class=\"blocks-gallery-item\"><figure><img decoding=\"async\" src=\"https:\/\/petitmagellan.files.wordpress.com\/2020\/08\/img_0970.jpg\" data-id=\"4982\" class=\"wp-image-4982\" \/><\/figure><\/li><li class=\"blocks-gallery-item\"><figure><img decoding=\"async\" src=\"https:\/\/petitmagellan.files.wordpress.com\/2020\/08\/img_1152.jpg\" data-id=\"4981\" class=\"wp-image-4981\" \/><\/figure><\/li><\/ul><\/figure>\n\n\n\n<p>Il fait aussi <em>beaucoup<\/em> de charme aux femmes. C\u2019est incroyable ! Il se tortille dans sa poussette, se cache, fait ses plus beaux sourires, ses yeux de biche&#8230; un vrai coquin. La semaine derni\u00e8re, il a fait le bonheur de deux dames \u00e0 c\u00f4t\u00e9 de nous au restaurant et, au quotidien, il a un succ\u00e8s fou dans les magasins aupr\u00e8s des vendeuses (il a m\u00eame sa vendeuse pr\u00e9f\u00e9r\u00e9e depuis tout petit que je passe voir r\u00e9guli\u00e8rement aux Galeries Lafayette). Bizarrement, il ne fait pas tout \u00e7a avec la gente masculine&#8230; \ud83d\ude42<\/p>\n\n\n\n<figure class=\"wp-block-gallery columns-1 is-cropped wp-block-gallery-3 is-layout-flex wp-block-gallery-is-layout-flex\"><ul class=\"blocks-gallery-grid\"><li class=\"blocks-gallery-item\"><figure><img decoding=\"async\" src=\"https:\/\/petitmagellan.files.wordpress.com\/2020\/08\/img_1058.jpg\" data-id=\"4978\" class=\"wp-image-4978\" \/><\/figure><\/li><\/ul><\/figure>\n\n\n\n<p>Sinon, les dents continuent de pousser m\u00eame si elles restent discr\u00e8tes. Il en a maintenant quatre et d\u2019autres arrivent sur les c\u00f4t\u00e9s. C\u2019est bien mieux comme \u00e7a pour croquer \ud83d\ude42<\/p>\n\n\n\n<p>Au sujet des repas, on en est toujours au m\u00eame stade depuis un mois. Hugo mange tr\u00e8s tr\u00e8s peu de sal\u00e9. Les quantit\u00e9s qu\u2019il ingurgite sont vraiment infimes. Est-ce que c\u2019est l\u2019\u00e2ge, un rejet qui va finir par passer, la chaleur, les dents qui le tracassent encore ? Un m\u00e9lange de tout \u00e7a ? Quoi qu\u2019il en soit, nous avons abandonn\u00e9 tout principe : notre but, c\u2019est juste qu\u2019il avale quelque chose. Donc qu\u2019il soit \u00e0 table ou bien debout en train de faire autre chose en m\u00eame temps&#8230; peu importe, mais qu\u2019il mange !! (Toujours aucun probl\u00e8me avec le lait, les compotes, les biscuits et le sucr\u00e9 en g\u00e9n\u00e9ral.)<\/p>\n\n\n\n<figure class=\"wp-block-gallery columns-1 is-cropped wp-block-gallery-4 is-layout-flex wp-block-gallery-is-layout-flex\"><ul class=\"blocks-gallery-grid\"><li class=\"blocks-gallery-item\"><figure><img decoding=\"async\" src=\"https:\/\/petitmagellan.files.wordpress.com\/2020\/08\/img_0887.jpg\" data-id=\"4979\" class=\"wp-image-4979\" \/><\/figure><\/li><\/ul><\/figure>\n\n\n\n<p>On verra comment \u00e7a \u00e9volue ce mois-ci. Joyeux 15 mois Hugo !<\/p>\n\n\n\n<figure class=\"wp-block-gallery columns-2 is-cropped wp-block-gallery-5 is-layout-flex wp-block-gallery-is-layout-flex\"><ul class=\"blocks-gallery-grid\"><li class=\"blocks-gallery-item\"><figure><img decoding=\"async\" src=\"https:\/\/petitmagellan.files.wordpress.com\/2020\/08\/img_1347.jpg\" data-id=\"5010\" class=\"wp-image-5010\" \/><\/figure><\/li><li class=\"blocks-gallery-item\"><figure><img decoding=\"async\" src=\"https:\/\/petitmagellan.files.wordpress.com\/2020\/08\/img_1350.jpg\" data-id=\"5012\" class=\"wp-image-5012\" \/><\/figure><\/li><li class=\"blocks-gallery-item\"><figure><img decoding=\"async\" src=\"https:\/\/petitmagellan.files.wordpress.com\/2020\/08\/img_1351.jpg\" data-id=\"5015\" class=\"wp-image-5015\" \/><\/figure><\/li><li class=\"blocks-gallery-item\"><figure><img decoding=\"async\" src=\"https:\/\/petitmagellan.files.wordpress.com\/2020\/08\/img_1355-1.jpg\" data-id=\"5023\" class=\"wp-image-5023\" \/><\/figure><\/li><\/ul><\/figure>\n","protected":false},"excerpt":{"rendered":"<p>Les semaines d\u00e9filent et cette petite boule d\u2019\u00e9nergie n\u2019arr\u00eate pas une seconde. Un peu compliqu\u00e9 de sortir ces derniers temps avec les fortes chaleurs mais, d\u00e8s qu\u2019on le peut, on file aux jeux et Hugo se r\u00e9gale. Je suis contente qu\u2019il soit si sociable et affectueux avec les autres enfants (et les mamans du parc &hellip; <a href=\"https:\/\/petitmagellan.com\/?p=4967\" class=\"more-link\">Continuer la lecture<span class=\"screen-reader-text\"> de &laquo;&nbsp;15 mois !&nbsp;&raquo;<\/span><\/a><\/p>\n","protected":false},"author":1,"featured_media":0,"comment_status":"open","ping_status":"open","sticky":false,"template":"","format":"standard","meta":{"footnotes":""},"categories":[2],"tags":[],"class_list":["post-4967","post","type-post","status-publish","format-standard","hentry","category-non-classe"],"_links":{"self":[{"href":"https:\/\/petitmagellan.com\/index.php?rest_route=\/wp\/v2\/posts\/4967","targetHints":{"allow":["GET"]}}],"collection":[{"href":"https:\/\/petitmagellan.com\/index.php?rest_route=\/wp\/v2\/posts"}],"about":[{"href":"https:\/\/petitmagellan.com\/index.php?rest_route=\/wp\/v2\/types\/post"}],"author":[{"embeddable":true,"href":"https:\/\/petitmagellan.com\/index.php?rest_route=\/wp\/v2\/users\/1"}],"replies":[{"embeddable":true,"href":"https:\/\/petitmagellan.com\/index.php?rest_route=%2Fwp%2Fv2%2Fcomments&post=4967"}],"version-history":[{"count":0,"href":"https:\/\/petitmagellan.com\/index.php?rest_route=\/wp\/v2\/posts\/4967\/revisions"}],"wp:attachment":[{"href":"https:\/\/petitmagellan.com\/index.php?rest_route=%2Fwp%2Fv2%2Fmedia&parent=4967"}],"wp:term":[{"taxonomy":"category","embeddable":true,"href":"https:\/\/petitmagellan.com\/index.php?rest_route=%2Fwp%2Fv2%2Fcategories&post=4967"},{"taxonomy":"post_tag","embeddable":true,"href":"https:\/\/petitmagellan.com\/index.php?rest_route=%2Fwp%2Fv2%2Ftags&post=4967"}],"curies":[{"name":"wp","href":"https:\/\/api.w.org\/{rel}","templated":true}]}}