{"id":4762,"date":"2020-07-10T14:37:00","date_gmt":"2020-07-10T13:37:00","guid":{"rendered":"http:\/\/petitmagellan.com\/?p=4762"},"modified":"2020-07-10T14:37:00","modified_gmt":"2020-07-10T13:37:00","slug":"la-saga-de-la-tetine","status":"publish","type":"post","link":"https:\/\/petitmagellan.com\/?p=4762","title":{"rendered":"La saga de la t\u00e9tine"},"content":{"rendered":"\n<p>Le petit drame de dimanche dernier. <\/p>\n\n\n\n<p>Hugo a perdu sa t\u00e9tine chez mes parents au moment o\u00f9 nous allions rentrer \u00e0 Lyon. Impossible de mettre la main dessus malgr\u00e9 tous les efforts d\u00e9ploy\u00e9s et tous les recoins inspect\u00e9s. Nous sommes donc partis sans la t\u00e9tine sacr\u00e9e ador\u00e9e, emb\u00eat\u00e9s mais plut\u00f4t optimistes car nous avions anticip\u00e9 ce sc\u00e9nario en achetant une autre t\u00e9tine au cas o\u00f9.<\/p>\n\n\n\n<p>Mais le b\u00e9b\u00e9 ne se laisse pas berner&#8230; La nouvelle t\u00e9tine a fait un v\u00e9ritable flop et a \u00e9t\u00e9 rejet\u00e9e tout de suite.<\/p>\n\n\n\n<p>Le soir, le coucher a \u00e9t\u00e9 long et fastidieux, Hugo a pleur\u00e9 et cri\u00e9 \u00e0 s\u2019en \u00e9poumoner, jetant la nouvelle t\u00e9tine par terre d\u00e8s que l\u2019on quittait sa chambre apr\u00e8s l\u2019avoir berc\u00e9. C\u2019\u00e9tait dur de le voir comme \u00e7a mais il a fini par s\u2019endormir sans&#8230;<\/p>\n\n\n\n<p>Et c\u2019est l\u00e0 que la bonne nouvelle arrive : ma m\u00e8re a retrouv\u00e9 sa t\u00e9tine le soir-m\u00eame dans un endroit improbable (tout au fond d\u2019un grand sac lui-m\u00eame rempli de sacs) et l\u2019a aussit\u00f4t envoy\u00e9e par courrier le lendemain matin \u00e0 la premi\u00e8re heure ! Hier, l\u2019enveloppe est enfin arriv\u00e9e.<\/p>\n\n\n\n<figure class=\"wp-block-gallery columns-1 is-cropped wp-block-gallery-1 is-layout-flex wp-block-gallery-is-layout-flex\"><ul class=\"blocks-gallery-grid\"><li class=\"blocks-gallery-item\"><figure><img decoding=\"async\" src=\"https:\/\/petitmagellan.files.wordpress.com\/2020\/07\/img_0777.jpg\" data-id=\"4811\" class=\"wp-image-4811\" \/><\/figure><\/li><\/ul><\/figure>\n\n\n\n<p>Bon&#8230; Il s&rsquo;av\u00e8re que, finalement et heureusement, Hugo a fini par se faire \u00e0 sa nouvelle t\u00e9tine. On a donc ce plan B, mais on est quand m\u00eame soulag\u00e9s que la vraie soit de retour (et puis la nouvelle \u00e9tait plus grosse et super moche).<\/p>\n\n\n\n<p>Tout est bien qui finit bien !!<\/p>\n\n\n\n<figure class=\"wp-block-gallery columns-1 is-cropped wp-block-gallery-2 is-layout-flex wp-block-gallery-is-layout-flex\"><ul class=\"blocks-gallery-grid\"><li class=\"blocks-gallery-item\"><figure><img decoding=\"async\" src=\"https:\/\/petitmagellan.files.wordpress.com\/2020\/07\/img_0788.jpg\" data-id=\"4831\" class=\"wp-image-4831\" \/><\/figure><\/li><\/ul><\/figure>\n","protected":false},"excerpt":{"rendered":"<p>Le petit drame de dimanche dernier. Hugo a perdu sa t\u00e9tine chez mes parents au moment o\u00f9 nous allions rentrer \u00e0 Lyon. Impossible de mettre la main dessus malgr\u00e9 tous les efforts d\u00e9ploy\u00e9s et tous les recoins inspect\u00e9s. Nous sommes donc partis sans la t\u00e9tine sacr\u00e9e ador\u00e9e, emb\u00eat\u00e9s mais plut\u00f4t optimistes car nous avions anticip\u00e9 &hellip; <a href=\"https:\/\/petitmagellan.com\/?p=4762\" class=\"more-link\">Continuer la lecture<span class=\"screen-reader-text\"> de &laquo;&nbsp;La saga de la t\u00e9tine&nbsp;&raquo;<\/span><\/a><\/p>\n","protected":false},"author":1,"featured_media":0,"comment_status":"open","ping_status":"open","sticky":false,"template":"","format":"standard","meta":{"footnotes":""},"categories":[2],"tags":[],"class_list":["post-4762","post","type-post","status-publish","format-standard","hentry","category-non-classe"],"_links":{"self":[{"href":"https:\/\/petitmagellan.com\/index.php?rest_route=\/wp\/v2\/posts\/4762","targetHints":{"allow":["GET"]}}],"collection":[{"href":"https:\/\/petitmagellan.com\/index.php?rest_route=\/wp\/v2\/posts"}],"about":[{"href":"https:\/\/petitmagellan.com\/index.php?rest_route=\/wp\/v2\/types\/post"}],"author":[{"embeddable":true,"href":"https:\/\/petitmagellan.com\/index.php?rest_route=\/wp\/v2\/users\/1"}],"replies":[{"embeddable":true,"href":"https:\/\/petitmagellan.com\/index.php?rest_route=%2Fwp%2Fv2%2Fcomments&post=4762"}],"version-history":[{"count":0,"href":"https:\/\/petitmagellan.com\/index.php?rest_route=\/wp\/v2\/posts\/4762\/revisions"}],"wp:attachment":[{"href":"https:\/\/petitmagellan.com\/index.php?rest_route=%2Fwp%2Fv2%2Fmedia&parent=4762"}],"wp:term":[{"taxonomy":"category","embeddable":true,"href":"https:\/\/petitmagellan.com\/index.php?rest_route=%2Fwp%2Fv2%2Fcategories&post=4762"},{"taxonomy":"post_tag","embeddable":true,"href":"https:\/\/petitmagellan.com\/index.php?rest_route=%2Fwp%2Fv2%2Ftags&post=4762"}],"curies":[{"name":"wp","href":"https:\/\/api.w.org\/{rel}","templated":true}]}}