{"id":4753,"date":"2020-07-07T17:30:11","date_gmt":"2020-07-07T16:30:11","guid":{"rendered":"http:\/\/petitmagellan.com\/?p=4753"},"modified":"2020-07-07T17:30:11","modified_gmt":"2020-07-07T16:30:11","slug":"joyeux-14-mois-hugo","status":"publish","type":"post","link":"https:\/\/petitmagellan.com\/?p=4753","title":{"rendered":"Joyeux 14 mois Hugo !"},"content":{"rendered":"\n<p>14 mois, 2 dents et 10 kg tout ronds sur la balance ce matin ! On pense qu\u2019une troisi\u00e8me dent arrive car sa gencive du haut est dure mais on ne la voit pas encore.<\/p>\n\n\n\n<figure class=\"wp-block-gallery columns-1 is-cropped wp-block-gallery-1 is-layout-flex wp-block-gallery-is-layout-flex\"><ul class=\"blocks-gallery-grid\"><li class=\"blocks-gallery-item\"><figure><img decoding=\"async\" src=\"https:\/\/petitmagellan.files.wordpress.com\/2020\/07\/img_0724.jpg\" data-id=\"4770\" class=\"wp-image-4770\" \/><\/figure><\/li><\/ul><\/figure>\n\n\n\n<p>Hugo cavale toujours autant avec parfois ses mains dans le dos, c\u2019est trop marrant.<\/p>\n\n\n\n<figure class=\"wp-block-gallery columns-1 is-cropped wp-block-gallery-2 is-layout-flex wp-block-gallery-is-layout-flex\"><ul class=\"blocks-gallery-grid\"><li class=\"blocks-gallery-item\"><figure><img decoding=\"async\" src=\"https:\/\/petitmagellan.files.wordpress.com\/2020\/07\/img_0414.jpg\" data-id=\"4760\" class=\"wp-image-4760\" \/><\/figure><\/li><li class=\"blocks-gallery-item\"><figure><img decoding=\"async\" src=\"https:\/\/petitmagellan.files.wordpress.com\/2020\/07\/img_0156.jpg\" data-id=\"4758\" class=\"wp-image-4758\" \/><\/figure><\/li><li class=\"blocks-gallery-item\"><figure><img decoding=\"async\" src=\"https:\/\/petitmagellan.files.wordpress.com\/2020\/07\/img_0159.jpg\" data-id=\"4759\" class=\"wp-image-4759\" \/><\/figure><\/li><\/ul><\/figure>\n\n\n\n<p>Depuis environ deux semaines, il est dans une phase o\u00f9 il refuse de manger ses repas sal\u00e9s. Par contre, rien ne lui ferait sauter le dessert et il adore les fruits d\u2019\u00e9t\u00e9, surtout le melon.<\/p>\n\n\n\n<figure class=\"wp-block-gallery columns-1 is-cropped wp-block-gallery-3 is-layout-flex wp-block-gallery-is-layout-flex\"><ul class=\"blocks-gallery-grid\"><li class=\"blocks-gallery-item\"><figure><img decoding=\"async\" src=\"https:\/\/petitmagellan.files.wordpress.com\/2020\/07\/img_0611.jpg\" data-id=\"4756\" class=\"wp-image-4756\" \/><\/figure><\/li><\/ul><\/figure>\n\n\n\n<p>Il comprend aussi de plus en plus de choses. Par exemple, lorsque je lui dis que je vais lui changer sa couche, il arr\u00eate ce qu\u2019il \u00e9tait en train de faire et va dans sa chambre (c\u2019est l\u00e0 que se trouve sa commode \u00e0 langer). M\u00eame chose pour dormir : quand je lui dis \u00ab Hugo, tu vas faire dodo \u00bb, il file dans sa chambre et, pendant que je tire les rideaux, il s\u2019occupe de fermer la porte \ud83d\ude42<\/p>\n\n\n\n<p>Sur le plan du langage, il ne dit pas de vrais mots sauf \u00ab papa \u00bb et \u00ab mama \u00bb tous les jours mais sans vraiment en comprendre le sens. Enfin&#8230; des fois il a vraiment l\u2019air de comprendre, mais il refuse toujours de r\u00e9p\u00e9ter apr\u00e8s nous&#8230;<\/p>\n\n\n\n<p>Et puis, petit miracle derni\u00e8rement, il s\u2019est remis \u00e0 dormir dans sa poussette de temps en temps. On verra si \u00e7a dure ! <\/p>\n\n\n\n<figure class=\"wp-block-gallery columns-1 is-cropped wp-block-gallery-4 is-layout-flex wp-block-gallery-is-layout-flex\"><ul class=\"blocks-gallery-grid\"><li class=\"blocks-gallery-item\"><figure><img decoding=\"async\" src=\"https:\/\/petitmagellan.files.wordpress.com\/2020\/07\/img_0667.jpg\" data-id=\"4755\" class=\"wp-image-4755\" \/><\/figure><\/li><\/ul><\/figure>\n\n\n\n<figure class=\"wp-block-gallery columns-1 is-cropped wp-block-gallery-5 is-layout-flex wp-block-gallery-is-layout-flex\"><ul class=\"blocks-gallery-grid\"><li class=\"blocks-gallery-item\"><figure><img decoding=\"async\" src=\"https:\/\/petitmagellan.files.wordpress.com\/2020\/07\/img_0733.jpg?w=768\" alt=\"\" data-id=\"4772\" class=\"wp-image-4772\" \/><\/figure><\/li><\/ul><\/figure>\n","protected":false},"excerpt":{"rendered":"<p>14 mois, 2 dents et 10 kg tout ronds sur la balance ce matin ! On pense qu\u2019une troisi\u00e8me dent arrive car sa gencive du haut est dure mais on ne la voit pas encore. Hugo cavale toujours autant avec parfois ses mains dans le dos, c\u2019est trop marrant. Depuis environ deux semaines, il est &hellip; <a href=\"https:\/\/petitmagellan.com\/?p=4753\" class=\"more-link\">Continuer la lecture<span class=\"screen-reader-text\"> de &laquo;&nbsp;Joyeux 14 mois Hugo !&nbsp;&raquo;<\/span><\/a><\/p>\n","protected":false},"author":1,"featured_media":0,"comment_status":"open","ping_status":"open","sticky":false,"template":"","format":"standard","meta":{"footnotes":""},"categories":[2],"tags":[],"class_list":["post-4753","post","type-post","status-publish","format-standard","hentry","category-non-classe"],"_links":{"self":[{"href":"https:\/\/petitmagellan.com\/index.php?rest_route=\/wp\/v2\/posts\/4753","targetHints":{"allow":["GET"]}}],"collection":[{"href":"https:\/\/petitmagellan.com\/index.php?rest_route=\/wp\/v2\/posts"}],"about":[{"href":"https:\/\/petitmagellan.com\/index.php?rest_route=\/wp\/v2\/types\/post"}],"author":[{"embeddable":true,"href":"https:\/\/petitmagellan.com\/index.php?rest_route=\/wp\/v2\/users\/1"}],"replies":[{"embeddable":true,"href":"https:\/\/petitmagellan.com\/index.php?rest_route=%2Fwp%2Fv2%2Fcomments&post=4753"}],"version-history":[{"count":0,"href":"https:\/\/petitmagellan.com\/index.php?rest_route=\/wp\/v2\/posts\/4753\/revisions"}],"wp:attachment":[{"href":"https:\/\/petitmagellan.com\/index.php?rest_route=%2Fwp%2Fv2%2Fmedia&parent=4753"}],"wp:term":[{"taxonomy":"category","embeddable":true,"href":"https:\/\/petitmagellan.com\/index.php?rest_route=%2Fwp%2Fv2%2Fcategories&post=4753"},{"taxonomy":"post_tag","embeddable":true,"href":"https:\/\/petitmagellan.com\/index.php?rest_route=%2Fwp%2Fv2%2Ftags&post=4753"}],"curies":[{"name":"wp","href":"https:\/\/api.w.org\/{rel}","templated":true}]}}