{"id":4404,"date":"2020-05-14T17:42:15","date_gmt":"2020-05-14T16:42:15","guid":{"rendered":"http:\/\/petitmagellan.com\/?p=4404"},"modified":"2020-05-14T17:42:15","modified_gmt":"2020-05-14T16:42:15","slug":"examen-des-12-mois","status":"publish","type":"post","link":"https:\/\/petitmagellan.com\/?p=4404","title":{"rendered":"Examen des 12 mois"},"content":{"rendered":"\n<p>Nouveau rendez-vous chez le p\u00e9diatre cet apr\u00e8s-midi pour Hugo. <\/p>\n\n\n\n<figure class=\"wp-block-gallery columns-1 is-cropped wp-block-gallery-1 is-layout-flex wp-block-gallery-is-layout-flex\"><ul class=\"blocks-gallery-grid\"><li class=\"blocks-gallery-item\"><figure><img decoding=\"async\" src=\"https:\/\/petitmagellan.files.wordpress.com\/2020\/05\/img_9368.jpg\" data-id=\"4411\" class=\"wp-image-4411\" \/><\/figure><\/li><\/ul><\/figure>\n\n\n\n<p>Comme la derni\u00e8re fois, il a pleur\u00e9 d\u00e8s que je l\u2019ai pos\u00e9 sur la table d\u2019auscultation et jusqu\u2019\u00e0 ce qu\u2019il revienne dans mes bras ! Les piq\u00fbres ne sont jamais agr\u00e9ables mais il pleurait d\u00e9j\u00e0 si fort juste avant qu\u2019il n\u2019y a pas vraiment eu de diff\u00e9rence.<\/p>\n\n\n\n<p>Sinon, tout va tr\u00e8s bien. Il mesure 78,5 cm et p\u00e8se 9,3 kg. Toujours grand et mince, \u00e7a ne change pas. Son p\u00e9diatre a aussi pu constater qu\u2019il marchait comme un grand.<\/p>\n\n\n\n<p>D\u2019ailleurs, je ne l\u2019avais pas pr\u00e9cis\u00e9 mais, depuis une semaine maintenant (le lendemain de son anniversaire tr\u00e8s exactement), Hugo a compl\u00e8tement d\u00e9laiss\u00e9 le quatre-pattes et pr\u00e9f\u00e8re largement se mettre debout. Apr\u00e8s ses premiers pas \u00e0 11 mois, il passe d\u00e9sormais son temps \u00e0 marcher \ud83d\ude42<\/p>\n\n\n\n<p>Prochaine visite \u00e0 16 mois &#8211; celle-ci, on a le temps de la voir venir !<\/p>\n","protected":false},"excerpt":{"rendered":"<p>Nouveau rendez-vous chez le p\u00e9diatre cet apr\u00e8s-midi pour Hugo. Comme la derni\u00e8re fois, il a pleur\u00e9 d\u00e8s que je l\u2019ai pos\u00e9 sur la table d\u2019auscultation et jusqu\u2019\u00e0 ce qu\u2019il revienne dans mes bras ! Les piq\u00fbres ne sont jamais agr\u00e9ables mais il pleurait d\u00e9j\u00e0 si fort juste avant qu\u2019il n\u2019y a pas vraiment eu de &hellip; <a href=\"https:\/\/petitmagellan.com\/?p=4404\" class=\"more-link\">Continuer la lecture<span class=\"screen-reader-text\"> de &laquo;&nbsp;Examen des 12 mois&nbsp;&raquo;<\/span><\/a><\/p>\n","protected":false},"author":1,"featured_media":0,"comment_status":"open","ping_status":"open","sticky":false,"template":"","format":"standard","meta":{"footnotes":""},"categories":[2],"tags":[],"class_list":["post-4404","post","type-post","status-publish","format-standard","hentry","category-non-classe"],"_links":{"self":[{"href":"https:\/\/petitmagellan.com\/index.php?rest_route=\/wp\/v2\/posts\/4404","targetHints":{"allow":["GET"]}}],"collection":[{"href":"https:\/\/petitmagellan.com\/index.php?rest_route=\/wp\/v2\/posts"}],"about":[{"href":"https:\/\/petitmagellan.com\/index.php?rest_route=\/wp\/v2\/types\/post"}],"author":[{"embeddable":true,"href":"https:\/\/petitmagellan.com\/index.php?rest_route=\/wp\/v2\/users\/1"}],"replies":[{"embeddable":true,"href":"https:\/\/petitmagellan.com\/index.php?rest_route=%2Fwp%2Fv2%2Fcomments&post=4404"}],"version-history":[{"count":0,"href":"https:\/\/petitmagellan.com\/index.php?rest_route=\/wp\/v2\/posts\/4404\/revisions"}],"wp:attachment":[{"href":"https:\/\/petitmagellan.com\/index.php?rest_route=%2Fwp%2Fv2%2Fmedia&parent=4404"}],"wp:term":[{"taxonomy":"category","embeddable":true,"href":"https:\/\/petitmagellan.com\/index.php?rest_route=%2Fwp%2Fv2%2Fcategories&post=4404"},{"taxonomy":"post_tag","embeddable":true,"href":"https:\/\/petitmagellan.com\/index.php?rest_route=%2Fwp%2Fv2%2Ftags&post=4404"}],"curies":[{"name":"wp","href":"https:\/\/api.w.org\/{rel}","templated":true}]}}