{"id":4062,"date":"2020-04-12T13:37:00","date_gmt":"2020-04-12T12:37:00","guid":{"rendered":"http:\/\/petitmagellan.com\/?p=4062"},"modified":"2020-04-12T13:37:00","modified_gmt":"2020-04-12T12:37:00","slug":"probleme-capillaire","status":"publish","type":"post","link":"https:\/\/petitmagellan.com\/?p=4062","title":{"rendered":"Probl\u00e8me capillaire"},"content":{"rendered":"\n<p>Nous avions pr\u00e9vu de faire couper les cheveux de Hugo au mois de mars lorsque mes parents seraient l\u00e0, mais avec la pand\u00e9mie puis le confinement, nous avons tout annul\u00e9 et le projet est tomb\u00e9 \u00e0 l&rsquo;eau. <\/p>\n\n\n\n<p>Mais qu\u2019est-ce qu\u2019on va faire de ces m\u00e8ches ? Je n&rsquo;ose pas y toucher !<\/p>\n\n\n\n<figure class=\"wp-block-gallery columns-1 is-cropped wp-block-gallery-1 is-layout-flex wp-block-gallery-is-layout-flex\"><ul class=\"blocks-gallery-grid\"><li class=\"blocks-gallery-item\"><figure><img loading=\"lazy\" decoding=\"async\" width=\"2320\" height=\"1821\" src=\"https:\/\/petitmagellan.files.wordpress.com\/2020\/04\/image-6.jpg\" data-id=\"4081\" class=\"wp-image-4081\" srcset=\"https:\/\/petitmagellan.com\/wp-content\/uploads\/2020\/04\/image-6.jpg 2320w, https:\/\/petitmagellan.com\/wp-content\/uploads\/2020\/04\/image-6-300x235.jpg 300w, https:\/\/petitmagellan.com\/wp-content\/uploads\/2020\/04\/image-6-1024x804.jpg 1024w, https:\/\/petitmagellan.com\/wp-content\/uploads\/2020\/04\/image-6-768x603.jpg 768w, https:\/\/petitmagellan.com\/wp-content\/uploads\/2020\/04\/image-6-1536x1206.jpg 1536w, https:\/\/petitmagellan.com\/wp-content\/uploads\/2020\/04\/image-6-2048x1608.jpg 2048w\" sizes=\"auto, (max-width: 709px) 85vw, (max-width: 909px) 67vw, (max-width: 1362px) 62vw, 840px\" \/><\/figure><\/li><\/ul><\/figure>\n","protected":false},"excerpt":{"rendered":"<p>Nous avions pr\u00e9vu de faire couper les cheveux de Hugo au mois de mars lorsque mes parents seraient l\u00e0, mais avec la pand\u00e9mie puis le confinement, nous avons tout annul\u00e9 et le projet est tomb\u00e9 \u00e0 l&rsquo;eau. Mais qu\u2019est-ce qu\u2019on va faire de ces m\u00e8ches ? Je n&rsquo;ose pas y toucher !<\/p>\n","protected":false},"author":1,"featured_media":0,"comment_status":"open","ping_status":"open","sticky":false,"template":"","format":"standard","meta":{"footnotes":""},"categories":[2],"tags":[],"class_list":["post-4062","post","type-post","status-publish","format-standard","hentry","category-non-classe"],"_links":{"self":[{"href":"https:\/\/petitmagellan.com\/index.php?rest_route=\/wp\/v2\/posts\/4062","targetHints":{"allow":["GET"]}}],"collection":[{"href":"https:\/\/petitmagellan.com\/index.php?rest_route=\/wp\/v2\/posts"}],"about":[{"href":"https:\/\/petitmagellan.com\/index.php?rest_route=\/wp\/v2\/types\/post"}],"author":[{"embeddable":true,"href":"https:\/\/petitmagellan.com\/index.php?rest_route=\/wp\/v2\/users\/1"}],"replies":[{"embeddable":true,"href":"https:\/\/petitmagellan.com\/index.php?rest_route=%2Fwp%2Fv2%2Fcomments&post=4062"}],"version-history":[{"count":0,"href":"https:\/\/petitmagellan.com\/index.php?rest_route=\/wp\/v2\/posts\/4062\/revisions"}],"wp:attachment":[{"href":"https:\/\/petitmagellan.com\/index.php?rest_route=%2Fwp%2Fv2%2Fmedia&parent=4062"}],"wp:term":[{"taxonomy":"category","embeddable":true,"href":"https:\/\/petitmagellan.com\/index.php?rest_route=%2Fwp%2Fv2%2Fcategories&post=4062"},{"taxonomy":"post_tag","embeddable":true,"href":"https:\/\/petitmagellan.com\/index.php?rest_route=%2Fwp%2Fv2%2Ftags&post=4062"}],"curies":[{"name":"wp","href":"https:\/\/api.w.org\/{rel}","templated":true}]}}