{"id":4023,"date":"2020-04-10T16:46:39","date_gmt":"2020-04-10T15:46:39","guid":{"rendered":"http:\/\/petitmagellan.com\/?p=4023"},"modified":"2020-04-10T16:46:39","modified_gmt":"2020-04-10T15:46:39","slug":"examen-des-11-mois","status":"publish","type":"post","link":"https:\/\/petitmagellan.com\/?p=4023","title":{"rendered":"Examen des 11 mois"},"content":{"rendered":"\n<p>Jour 30 et direction le cabinet du p\u00e9diatre ce matin pour Hugo et moi.<\/p>\n\n\n\n<p>Contrairement \u00e0 ce que je pensais, il n\u2019a pas eu l\u2019air de remarquer quoi que ce soit. C\u2019est comme si on \u00e9tait sortis la veille !<\/p>\n\n\n\n<p>N\u2019ayant pas de vrai masque, j\u2019ai utilis\u00e9 un masque de nuit qui a bien fait l\u2019affaire. Quant \u00e0 Hugo, je l\u2019avais mis sous cloche dans sa poussette avec la housse de pluie.<\/p>\n\n\n\n<figure class=\"wp-block-gallery columns-2 is-cropped wp-block-gallery-1 is-layout-flex wp-block-gallery-is-layout-flex\"><ul class=\"blocks-gallery-grid\"><li class=\"blocks-gallery-item\"><figure><img decoding=\"async\" src=\"https:\/\/petitmagellan.files.wordpress.com\/2020\/04\/img_8119.jpg\" data-id=\"4027\" class=\"wp-image-4027\" \/><\/figure><\/li><li class=\"blocks-gallery-item\"><figure><img decoding=\"async\" src=\"https:\/\/petitmagellan.files.wordpress.com\/2020\/04\/img_8124.jpg\" data-id=\"4028\" class=\"wp-image-4028\" \/><\/figure><\/li><\/ul><\/figure>\n\n\n\n<p>Son examen fut rapide. Le cabinet \u00e9tait vide &#8211; c\u2019\u00e9tait voulu pour qu\u2019aucun patient ne se croise &#8211; et je suis directement entr\u00e9e dans le bureau du p\u00e9diatre qui m\u2019attendait. Il \u00e9tait \u00e9quip\u00e9 (blouse, masque, gants) et il est all\u00e9 \u00e0 l\u2019essentiel : les vaccins. Il a examin\u00e9 Hugo bri\u00e8vement, juste pour l\u2019indispensable (c\u00f4t\u00e9 chiffres : toujours au dessus de la courbe avec 77 cm et toujours en dessous de la courbe avec 8,6 kg mais excellente remont\u00e9e et 1,7 kg pris en deux mois !), et il ne s\u2019est pas trop attard\u00e9 sur les choses secondaires. Je ne lui ai d\u2019ailleurs m\u00eame pas dit qu\u2019Hugo avait deux dents et qu\u2019il se tenait debout. L\u2019id\u00e9e \u00e9tait de faire les vaccins au plus vite et de ne pas s\u2019\u00e9terniser sur place.<\/p>\n\n\n\n<p>Pour la premi\u00e8re fois, Hugo a beaucoup pleur\u00e9 pendant l\u2019examen. Il n\u2019a pas aim\u00e9 qu\u2019on le p\u00e8se et il a hurl\u00e9 quand il a re\u00e7u ses piq\u00fbres. Puis, au moment de partir, alors qu\u2019il \u00e9tait dans sa poussette et que le p\u00e9diatre lui disait gentiment \u00ab au revoir Hugo \u00bb, il s\u2019est tourn\u00e9 vers moi et s\u2019est remis \u00e0 pleurer de plus belle&#8230; Je crois qu\u2019il \u00e9tait temps de rentrer !<\/p>\n\n\n\n<p>Heureusement qu\u2019il ne sait pas qu\u2019on y retourne le mois prochain pour deux autres vaccins&#8230; D\u00e9sol\u00e9e Hugo ! Mais, ouf, les bras le calment toujours instantan\u00e9ment \ud83d\ude42<\/p>\n\n\n\n<figure class=\"wp-block-gallery columns-1 is-cropped wp-block-gallery-2 is-layout-flex wp-block-gallery-is-layout-flex\"><ul class=\"blocks-gallery-grid\"><li class=\"blocks-gallery-item\"><figure><img decoding=\"async\" src=\"https:\/\/petitmagellan.files.wordpress.com\/2020\/04\/img_8141.jpg\" data-id=\"4043\" class=\"wp-image-4043\" \/><\/figure><\/li><\/ul><\/figure>\n","protected":false},"excerpt":{"rendered":"<p>Jour 30 et direction le cabinet du p\u00e9diatre ce matin pour Hugo et moi. Contrairement \u00e0 ce que je pensais, il n\u2019a pas eu l\u2019air de remarquer quoi que ce soit. C\u2019est comme si on \u00e9tait sortis la veille ! N\u2019ayant pas de vrai masque, j\u2019ai utilis\u00e9 un masque de nuit qui a bien fait &hellip; <a href=\"https:\/\/petitmagellan.com\/?p=4023\" class=\"more-link\">Continuer la lecture<span class=\"screen-reader-text\"> de &laquo;&nbsp;Examen des 11 mois&nbsp;&raquo;<\/span><\/a><\/p>\n","protected":false},"author":1,"featured_media":0,"comment_status":"open","ping_status":"open","sticky":false,"template":"","format":"standard","meta":{"footnotes":""},"categories":[2],"tags":[],"class_list":["post-4023","post","type-post","status-publish","format-standard","hentry","category-non-classe"],"_links":{"self":[{"href":"https:\/\/petitmagellan.com\/index.php?rest_route=\/wp\/v2\/posts\/4023","targetHints":{"allow":["GET"]}}],"collection":[{"href":"https:\/\/petitmagellan.com\/index.php?rest_route=\/wp\/v2\/posts"}],"about":[{"href":"https:\/\/petitmagellan.com\/index.php?rest_route=\/wp\/v2\/types\/post"}],"author":[{"embeddable":true,"href":"https:\/\/petitmagellan.com\/index.php?rest_route=\/wp\/v2\/users\/1"}],"replies":[{"embeddable":true,"href":"https:\/\/petitmagellan.com\/index.php?rest_route=%2Fwp%2Fv2%2Fcomments&post=4023"}],"version-history":[{"count":0,"href":"https:\/\/petitmagellan.com\/index.php?rest_route=\/wp\/v2\/posts\/4023\/revisions"}],"wp:attachment":[{"href":"https:\/\/petitmagellan.com\/index.php?rest_route=%2Fwp%2Fv2%2Fmedia&parent=4023"}],"wp:term":[{"taxonomy":"category","embeddable":true,"href":"https:\/\/petitmagellan.com\/index.php?rest_route=%2Fwp%2Fv2%2Fcategories&post=4023"},{"taxonomy":"post_tag","embeddable":true,"href":"https:\/\/petitmagellan.com\/index.php?rest_route=%2Fwp%2Fv2%2Ftags&post=4023"}],"curies":[{"name":"wp","href":"https:\/\/api.w.org\/{rel}","templated":true}]}}