{"id":3809,"date":"2020-04-02T16:02:43","date_gmt":"2020-04-02T15:02:43","guid":{"rendered":"http:\/\/petitmagellan.com\/?p=3809"},"modified":"2020-04-02T16:02:43","modified_gmt":"2020-04-02T15:02:43","slug":"il-se-tient-debout","status":"publish","type":"post","link":"https:\/\/petitmagellan.com\/?p=3809","title":{"rendered":"Il se tient debout"},"content":{"rendered":"\n<p>Sans appui bien s\u00fbr !!!<\/p>\n\n\n\n<figure class=\"wp-block-gallery columns-2 is-cropped wp-block-gallery-1 is-layout-flex wp-block-gallery-is-layout-flex\"><ul class=\"blocks-gallery-grid\"><li class=\"blocks-gallery-item\"><figure><img loading=\"lazy\" decoding=\"async\" width=\"1635\" height=\"2212\" src=\"https:\/\/petitmagellan.files.wordpress.com\/2020\/04\/image-2.jpg\" data-id=\"3827\" class=\"wp-image-3827\" srcset=\"https:\/\/petitmagellan.com\/wp-content\/uploads\/2020\/04\/image-2.jpg 1635w, https:\/\/petitmagellan.com\/wp-content\/uploads\/2020\/04\/image-2-222x300.jpg 222w, https:\/\/petitmagellan.com\/wp-content\/uploads\/2020\/04\/image-2-757x1024.jpg 757w, https:\/\/petitmagellan.com\/wp-content\/uploads\/2020\/04\/image-2-768x1039.jpg 768w, https:\/\/petitmagellan.com\/wp-content\/uploads\/2020\/04\/image-2-1135x1536.jpg 1135w, https:\/\/petitmagellan.com\/wp-content\/uploads\/2020\/04\/image-2-1514x2048.jpg 1514w\" sizes=\"auto, (max-width: 709px) 85vw, (max-width: 909px) 67vw, (max-width: 1362px) 62vw, 840px\" \/><\/figure><\/li><li class=\"blocks-gallery-item\"><figure><img decoding=\"async\" src=\"https:\/\/petitmagellan.files.wordpress.com\/2020\/04\/image-1.jpg\" data-id=\"3820\" class=\"wp-image-3820\" \/><\/figure><\/li><\/ul><\/figure>\n\n\n\n<p>En r\u00e9alit\u00e9, il a commenc\u00e9 \u00e0 vouloir se lever il y a environ une semaine mais il ne tenait m\u00eame pas une seconde debout. Hier, l\u2019envie lui a repris et il a d\u00fb tenir 2 secondes tout au plus. Et, depuis ce matin, il passe son temps \u00e0 se lever, se rasseoir, se relever&#8230; Il n\u2019arr\u00eate pas et tient 5 bonnes secondes. On peut donc dire que c\u2019est officiel !<\/p>\n\n\n\n<p>Bravo Hugo !!<\/p>\n","protected":false},"excerpt":{"rendered":"<p>Sans appui bien s\u00fbr !!! En r\u00e9alit\u00e9, il a commenc\u00e9 \u00e0 vouloir se lever il y a environ une semaine mais il ne tenait m\u00eame pas une seconde debout. Hier, l\u2019envie lui a repris et il a d\u00fb tenir 2 secondes tout au plus. Et, depuis ce matin, il passe son temps \u00e0 se lever, &hellip; <a href=\"https:\/\/petitmagellan.com\/?p=3809\" class=\"more-link\">Continuer la lecture<span class=\"screen-reader-text\"> de &laquo;&nbsp;Il se tient debout&nbsp;&raquo;<\/span><\/a><\/p>\n","protected":false},"author":1,"featured_media":0,"comment_status":"open","ping_status":"open","sticky":false,"template":"","format":"standard","meta":{"footnotes":""},"categories":[2],"tags":[],"class_list":["post-3809","post","type-post","status-publish","format-standard","hentry","category-non-classe"],"_links":{"self":[{"href":"https:\/\/petitmagellan.com\/index.php?rest_route=\/wp\/v2\/posts\/3809","targetHints":{"allow":["GET"]}}],"collection":[{"href":"https:\/\/petitmagellan.com\/index.php?rest_route=\/wp\/v2\/posts"}],"about":[{"href":"https:\/\/petitmagellan.com\/index.php?rest_route=\/wp\/v2\/types\/post"}],"author":[{"embeddable":true,"href":"https:\/\/petitmagellan.com\/index.php?rest_route=\/wp\/v2\/users\/1"}],"replies":[{"embeddable":true,"href":"https:\/\/petitmagellan.com\/index.php?rest_route=%2Fwp%2Fv2%2Fcomments&post=3809"}],"version-history":[{"count":0,"href":"https:\/\/petitmagellan.com\/index.php?rest_route=\/wp\/v2\/posts\/3809\/revisions"}],"wp:attachment":[{"href":"https:\/\/petitmagellan.com\/index.php?rest_route=%2Fwp%2Fv2%2Fmedia&parent=3809"}],"wp:term":[{"taxonomy":"category","embeddable":true,"href":"https:\/\/petitmagellan.com\/index.php?rest_route=%2Fwp%2Fv2%2Fcategories&post=3809"},{"taxonomy":"post_tag","embeddable":true,"href":"https:\/\/petitmagellan.com\/index.php?rest_route=%2Fwp%2Fv2%2Ftags&post=3809"}],"curies":[{"name":"wp","href":"https:\/\/api.w.org\/{rel}","templated":true}]}}