{"id":3595,"date":"2020-03-24T17:38:54","date_gmt":"2020-03-24T16:38:54","guid":{"rendered":"http:\/\/petitmagellan.com\/?p=3595"},"modified":"2020-03-24T17:38:54","modified_gmt":"2020-03-24T16:38:54","slug":"printemps-et-progres","status":"publish","type":"post","link":"https:\/\/petitmagellan.com\/?p=3595","title":{"rendered":"Printemps et progr\u00e8s"},"content":{"rendered":"\n<p>Jour 13 sans sortir. Ce n\u2019est pas vraiment l\u2019impression que l\u2019on a car les journ\u00e9es passent vite ici. Et, depuis 3-4 jours, Hugo nous a encore montr\u00e9 qu\u2019il n\u2019\u00e9tait pas pr\u00e8s de ralentir la cadence.<\/p>\n\n\n\n<p>Avant-hier, il a essay\u00e9 de se tenir debout sans aucun appui. \u00c7a a dur\u00e9 moins d\u2019une seconde mais il a depuis refait plusieurs tentatives et a l\u2019air de moins en moins effray\u00e9 \u00e0 l\u2019id\u00e9e de se l\u00e2cher compl\u00e8tement&#8230; affaire \u00e0 suivre de pr\u00e8s.<\/p>\n\n\n\n<figure class=\"wp-block-gallery aligncenter columns-1 is-cropped wp-block-gallery-1 is-layout-flex wp-block-gallery-is-layout-flex\"><ul class=\"blocks-gallery-grid\"><li class=\"blocks-gallery-item\"><figure><img decoding=\"async\" src=\"https:\/\/petitmagellan.files.wordpress.com\/2020\/03\/image-4.jpg\" data-id=\"3603\" class=\"wp-image-3603\" \/><\/figure><\/li><\/ul><\/figure>\n\n\n\n<p>Il nous fait aussi beaucoup de charme. Son dernier truc en date, c\u2019est de se coucher par terre ou de s\u2019appuyer contre un meuble, la t\u00eate pos\u00e9e sur le c\u00f4t\u00e9, et de nous regarder avec une petite moue pensive. Bien s\u00fbr, il sait qu\u2019on va le trouver trop mignon et lui faire plein de bisous.<\/p>\n\n\n\n<figure class=\"wp-block-gallery aligncenter columns-2 is-cropped wp-block-gallery-2 is-layout-flex wp-block-gallery-is-layout-flex\"><ul class=\"blocks-gallery-grid\"><li class=\"blocks-gallery-item\"><figure><img decoding=\"async\" src=\"https:\/\/petitmagellan.files.wordpress.com\/2020\/03\/image-2-2.jpg\" data-id=\"3627\" class=\"wp-image-3627\" \/><\/figure><\/li><li class=\"blocks-gallery-item\"><figure><img decoding=\"async\" src=\"https:\/\/petitmagellan.files.wordpress.com\/2020\/03\/image-3-1.jpg\" data-id=\"3629\" class=\"wp-image-3629\" \/><\/figure><\/li><\/ul><\/figure>\n\n\n\n<figure class=\"wp-block-gallery aligncenter columns-1 is-cropped wp-block-gallery-3 is-layout-flex wp-block-gallery-is-layout-flex\"><ul class=\"blocks-gallery-grid\"><li class=\"blocks-gallery-item\"><figure><img decoding=\"async\" src=\"https:\/\/petitmagellan.files.wordpress.com\/2020\/03\/image-1-2.jpg\" data-id=\"3624\" class=\"wp-image-3624\" \/><\/figure><\/li><\/ul><\/figure>\n\n\n\n<p>Il commence \u00e9galement \u00e0 pr\u00eater de plus en plus attention aux d\u00e9tails et \u00e0 s\u2019amuser comme un petit gar\u00e7on. Par exemple, il sait maintenant o\u00f9 appuyer sur les pages de ses livres sonores pour d\u00e9clencher les musiques (il y a encore peu, il se contentait juste de les tourner et de les m\u00e2chouiller, sans distinguer les livres sonores des autres d\u2019ailleurs). Il ne montrait pas non plus le moindre int\u00e9r\u00eat pour certains objets qu\u2019il voyait pourtant \u00e0 longueur de journ\u00e9e, comme les coussins, mais semble maintenant les trouver tr\u00e8s int\u00e9ressants et les empile, enfouit sa t\u00eate dedans ou encore monte dessus.<\/p>\n\n\n\n<figure class=\"wp-block-gallery columns-2 is-cropped wp-block-gallery-4 is-layout-flex wp-block-gallery-is-layout-flex\"><ul class=\"blocks-gallery-grid\"><li class=\"blocks-gallery-item\"><figure><img decoding=\"async\" src=\"https:\/\/petitmagellan.files.wordpress.com\/2020\/03\/img_7472-1.jpg\" data-id=\"3673\" class=\"wp-image-3673\" \/><\/figure><\/li><li class=\"blocks-gallery-item\"><figure><img decoding=\"async\" src=\"https:\/\/petitmagellan.files.wordpress.com\/2020\/03\/img_7473-1.jpg\" data-id=\"3671\" class=\"wp-image-3671\" \/><\/figure><\/li><li class=\"blocks-gallery-item\"><figure><img decoding=\"async\" src=\"https:\/\/petitmagellan.files.wordpress.com\/2020\/03\/img_7474-1.jpg\" data-id=\"3669\" class=\"wp-image-3669\" \/><\/figure><\/li><li class=\"blocks-gallery-item\"><figure><img decoding=\"async\" src=\"https:\/\/petitmagellan.files.wordpress.com\/2020\/03\/img_7479-1.jpg\" data-id=\"3670\" class=\"wp-image-3670\" \/><\/figure><\/li><\/ul><\/figure>\n\n\n\n<p>Dehors aussi, les changements sont l\u00e0. Les rues sont vides, les arbres prennent des couleurs et le printemps est officiellement arriv\u00e9 il y a quatre jours. M\u00eame si c\u2019est un d\u00e9but de saison \u00e0 la fen\u00eatre, peu importe, on l\u2019attendait comme tous les ans avec impatience !<\/p>\n\n\n\n<figure class=\"wp-block-gallery columns-2 is-cropped wp-block-gallery-5 is-layout-flex wp-block-gallery-is-layout-flex\"><ul class=\"blocks-gallery-grid\"><li class=\"blocks-gallery-item\"><figure><img decoding=\"async\" src=\"https:\/\/petitmagellan.files.wordpress.com\/2020\/03\/img_7546.jpg\" data-id=\"3597\" class=\"wp-image-3597\" \/><\/figure><\/li><li class=\"blocks-gallery-item\"><figure><img decoding=\"async\" src=\"https:\/\/petitmagellan.files.wordpress.com\/2020\/03\/img_7571.jpg\" data-id=\"3661\" class=\"wp-image-3661\" \/><\/figure><\/li><li class=\"blocks-gallery-item\"><figure><img decoding=\"async\" src=\"https:\/\/petitmagellan.files.wordpress.com\/2020\/03\/img_7360.jpg\" data-id=\"3663\" class=\"wp-image-3663\" \/><\/figure><\/li><li class=\"blocks-gallery-item\"><figure><img decoding=\"async\" src=\"https:\/\/petitmagellan.files.wordpress.com\/2020\/03\/img_7380.jpg\" data-id=\"3599\" class=\"wp-image-3599\" \/><\/figure><\/li><\/ul><\/figure>\n","protected":false},"excerpt":{"rendered":"<p>Jour 13 sans sortir. Ce n\u2019est pas vraiment l\u2019impression que l\u2019on a car les journ\u00e9es passent vite ici. Et, depuis 3-4 jours, Hugo nous a encore montr\u00e9 qu\u2019il n\u2019\u00e9tait pas pr\u00e8s de ralentir la cadence. Avant-hier, il a essay\u00e9 de se tenir debout sans aucun appui. \u00c7a a dur\u00e9 moins d\u2019une seconde mais il a &hellip; <a href=\"https:\/\/petitmagellan.com\/?p=3595\" class=\"more-link\">Continuer la lecture<span class=\"screen-reader-text\"> de &laquo;&nbsp;Printemps et progr\u00e8s&nbsp;&raquo;<\/span><\/a><\/p>\n","protected":false},"author":1,"featured_media":0,"comment_status":"open","ping_status":"open","sticky":false,"template":"","format":"standard","meta":{"footnotes":""},"categories":[2],"tags":[],"class_list":["post-3595","post","type-post","status-publish","format-standard","hentry","category-non-classe"],"_links":{"self":[{"href":"https:\/\/petitmagellan.com\/index.php?rest_route=\/wp\/v2\/posts\/3595","targetHints":{"allow":["GET"]}}],"collection":[{"href":"https:\/\/petitmagellan.com\/index.php?rest_route=\/wp\/v2\/posts"}],"about":[{"href":"https:\/\/petitmagellan.com\/index.php?rest_route=\/wp\/v2\/types\/post"}],"author":[{"embeddable":true,"href":"https:\/\/petitmagellan.com\/index.php?rest_route=\/wp\/v2\/users\/1"}],"replies":[{"embeddable":true,"href":"https:\/\/petitmagellan.com\/index.php?rest_route=%2Fwp%2Fv2%2Fcomments&post=3595"}],"version-history":[{"count":0,"href":"https:\/\/petitmagellan.com\/index.php?rest_route=\/wp\/v2\/posts\/3595\/revisions"}],"wp:attachment":[{"href":"https:\/\/petitmagellan.com\/index.php?rest_route=%2Fwp%2Fv2%2Fmedia&parent=3595"}],"wp:term":[{"taxonomy":"category","embeddable":true,"href":"https:\/\/petitmagellan.com\/index.php?rest_route=%2Fwp%2Fv2%2Fcategories&post=3595"},{"taxonomy":"post_tag","embeddable":true,"href":"https:\/\/petitmagellan.com\/index.php?rest_route=%2Fwp%2Fv2%2Ftags&post=3595"}],"curies":[{"name":"wp","href":"https:\/\/api.w.org\/{rel}","templated":true}]}}