{"id":35,"date":"2019-05-17T19:45:55","date_gmt":"2019-05-17T18:45:55","guid":{"rendered":"http:\/\/petitmagellan.com\/?p=35"},"modified":"2019-05-17T19:45:55","modified_gmt":"2019-05-17T18:45:55","slug":"premiers-jours","status":"publish","type":"post","link":"https:\/\/petitmagellan.com\/?p=35","title":{"rendered":"Premiers jours"},"content":{"rendered":"<p>Au cours de ses dix premiers jours de vie, Hugo a fait son premier voyage en voiture lorsque nous avons quitt\u00e9 la maternit\u00e9, il a d\u00e9couvert sa maison, a fait la connaissance de notre entourage (bien que nous n&rsquo;ayons pas encore pu le pr\u00e9senter \u00e0 tout le monde) et il a aussi fait sa premi\u00e8re promenade en poussette dans notre quartier. Comme la majorit\u00e9 des b\u00e9b\u00e9s, il semble beaucoup appr\u00e9cier ce mode de transport !<\/p>\n\n\n<div class=\"wp-block-image\"><figure class=\"aligncenter is-resized\"><img loading=\"lazy\" decoding=\"async\" src=\"https:\/\/petitmagellan.files.wordpress.com\/2019\/05\/img_0600.jpg\" alt=\"\" class=\"wp-image-42\" width=\"514\" height=\"685\" \/><\/figure><\/div>\n\n\n\n<div class=\"wp-block-image\"><figure class=\"aligncenter is-resized\"><img loading=\"lazy\" decoding=\"async\" src=\"https:\/\/petitmagellan.files.wordpress.com\/2019\/05\/img_0611-1.jpg\" alt=\"\" class=\"wp-image-67\" width=\"514\" height=\"685\" \/><\/figure><\/div>\n\n\n\n<div class=\"wp-block-image\"><figure class=\"aligncenter is-resized\"><img loading=\"lazy\" decoding=\"async\" src=\"https:\/\/petitmagellan.files.wordpress.com\/2019\/05\/img_0700.jpg\" alt=\"\" class=\"wp-image-78\" width=\"514\" height=\"611\" \/><\/figure><\/div>\n\n\n<p>Nous prenons nos marques petit \u00e0 petit, r\u00e9alisant \u00e0 peine ce que nous venons de vivre. Et nous passons bien s\u00fbr notre temps \u00e0 admirer notre beau Hugo \ud83d\ude42<\/p>","protected":false},"excerpt":{"rendered":"<p>Au cours de ses dix premiers jours de vie, Hugo a fait son premier voyage en voiture lorsque nous avons quitt\u00e9 la maternit\u00e9, il a d\u00e9couvert sa maison, a fait la connaissance de notre entourage (bien que nous n&rsquo;ayons pas encore pu le pr\u00e9senter \u00e0 tout le monde) et il a aussi fait sa premi\u00e8re &hellip; <a href=\"https:\/\/petitmagellan.com\/?p=35\" class=\"more-link\">Continuer la lecture<span class=\"screen-reader-text\"> de &laquo;&nbsp;Premiers jours&nbsp;&raquo;<\/span><\/a><\/p>\n","protected":false},"author":1,"featured_media":0,"comment_status":"open","ping_status":"open","sticky":false,"template":"","format":"standard","meta":{"footnotes":""},"categories":[2],"tags":[],"class_list":["post-35","post","type-post","status-publish","format-standard","hentry","category-non-classe"],"_links":{"self":[{"href":"https:\/\/petitmagellan.com\/index.php?rest_route=\/wp\/v2\/posts\/35","targetHints":{"allow":["GET"]}}],"collection":[{"href":"https:\/\/petitmagellan.com\/index.php?rest_route=\/wp\/v2\/posts"}],"about":[{"href":"https:\/\/petitmagellan.com\/index.php?rest_route=\/wp\/v2\/types\/post"}],"author":[{"embeddable":true,"href":"https:\/\/petitmagellan.com\/index.php?rest_route=\/wp\/v2\/users\/1"}],"replies":[{"embeddable":true,"href":"https:\/\/petitmagellan.com\/index.php?rest_route=%2Fwp%2Fv2%2Fcomments&post=35"}],"version-history":[{"count":0,"href":"https:\/\/petitmagellan.com\/index.php?rest_route=\/wp\/v2\/posts\/35\/revisions"}],"wp:attachment":[{"href":"https:\/\/petitmagellan.com\/index.php?rest_route=%2Fwp%2Fv2%2Fmedia&parent=35"}],"wp:term":[{"taxonomy":"category","embeddable":true,"href":"https:\/\/petitmagellan.com\/index.php?rest_route=%2Fwp%2Fv2%2Fcategories&post=35"},{"taxonomy":"post_tag","embeddable":true,"href":"https:\/\/petitmagellan.com\/index.php?rest_route=%2Fwp%2Fv2%2Ftags&post=35"}],"curies":[{"name":"wp","href":"https:\/\/api.w.org\/{rel}","templated":true}]}}