{"id":3458,"date":"2020-03-18T08:35:21","date_gmt":"2020-03-18T07:35:21","guid":{"rendered":"http:\/\/petitmagellan.com\/?p=3458"},"modified":"2020-03-18T08:35:21","modified_gmt":"2020-03-18T07:35:21","slug":"saint-patrick","status":"publish","type":"post","link":"https:\/\/petitmagellan.com\/?p=3458","title":{"rendered":"Saint-Patrick"},"content":{"rendered":"\n<p>Sur une note plus l\u00e9g\u00e8re, hier c\u2019\u00e9tait la f\u00eate nationale irlandaise ! <\/p>\n\n\n\n<figure class=\"wp-block-gallery columns-2 is-cropped wp-block-gallery-1 is-layout-flex wp-block-gallery-is-layout-flex\"><ul class=\"blocks-gallery-grid\"><li class=\"blocks-gallery-item\"><figure><img decoding=\"async\" src=\"https:\/\/petitmagellan.files.wordpress.com\/2020\/03\/img_7242.jpg\" data-id=\"3476\" class=\"wp-image-3476\" \/><\/figure><\/li><li class=\"blocks-gallery-item\"><figure><img decoding=\"async\" src=\"https:\/\/petitmagellan.files.wordpress.com\/2020\/03\/img_7230-2.jpg\" data-id=\"3485\" class=\"wp-image-3485\" \/><\/figure><\/li><\/ul><\/figure>\n\n\n\n<p>Pour avoir v\u00e9cu un an en Irlande avec Alex, dans la ville de Cork (il y a&#8230; 8 ans !!), on sait que cette journ\u00e9e du saint patron est un v\u00e9ritable \u00e9v\u00e9nement l\u00e0-bas.<\/p>\n\n\n\n<p>L\u2019occasion de mettre \u00e0 Hugo cette tenue clin d\u2019\u0153il qu\u2019on nous a offerte \ud83d\ude42<\/p>\n\n\n\n<figure class=\"wp-block-gallery columns-1 is-cropped wp-block-gallery-2 is-layout-flex wp-block-gallery-is-layout-flex\"><ul class=\"blocks-gallery-grid\"><li class=\"blocks-gallery-item\"><figure><img decoding=\"async\" src=\"https:\/\/petitmagellan.files.wordpress.com\/2020\/03\/img_7245-1.jpg\" data-id=\"3482\" class=\"wp-image-3482\" \/><\/figure><\/li><\/ul><\/figure>\n","protected":false},"excerpt":{"rendered":"<p>Sur une note plus l\u00e9g\u00e8re, hier c\u2019\u00e9tait la f\u00eate nationale irlandaise ! Pour avoir v\u00e9cu un an en Irlande avec Alex, dans la ville de Cork (il y a&#8230; 8 ans !!), on sait que cette journ\u00e9e du saint patron est un v\u00e9ritable \u00e9v\u00e9nement l\u00e0-bas. L\u2019occasion de mettre \u00e0 Hugo cette tenue clin d\u2019\u0153il qu\u2019on &hellip; <a href=\"https:\/\/petitmagellan.com\/?p=3458\" class=\"more-link\">Continuer la lecture<span class=\"screen-reader-text\"> de &laquo;&nbsp;Saint-Patrick&nbsp;&raquo;<\/span><\/a><\/p>\n","protected":false},"author":1,"featured_media":0,"comment_status":"open","ping_status":"open","sticky":false,"template":"","format":"standard","meta":{"footnotes":""},"categories":[2],"tags":[],"class_list":["post-3458","post","type-post","status-publish","format-standard","hentry","category-non-classe"],"_links":{"self":[{"href":"https:\/\/petitmagellan.com\/index.php?rest_route=\/wp\/v2\/posts\/3458","targetHints":{"allow":["GET"]}}],"collection":[{"href":"https:\/\/petitmagellan.com\/index.php?rest_route=\/wp\/v2\/posts"}],"about":[{"href":"https:\/\/petitmagellan.com\/index.php?rest_route=\/wp\/v2\/types\/post"}],"author":[{"embeddable":true,"href":"https:\/\/petitmagellan.com\/index.php?rest_route=\/wp\/v2\/users\/1"}],"replies":[{"embeddable":true,"href":"https:\/\/petitmagellan.com\/index.php?rest_route=%2Fwp%2Fv2%2Fcomments&post=3458"}],"version-history":[{"count":0,"href":"https:\/\/petitmagellan.com\/index.php?rest_route=\/wp\/v2\/posts\/3458\/revisions"}],"wp:attachment":[{"href":"https:\/\/petitmagellan.com\/index.php?rest_route=%2Fwp%2Fv2%2Fmedia&parent=3458"}],"wp:term":[{"taxonomy":"category","embeddable":true,"href":"https:\/\/petitmagellan.com\/index.php?rest_route=%2Fwp%2Fv2%2Fcategories&post=3458"},{"taxonomy":"post_tag","embeddable":true,"href":"https:\/\/petitmagellan.com\/index.php?rest_route=%2Fwp%2Fv2%2Ftags&post=3458"}],"curies":[{"name":"wp","href":"https:\/\/api.w.org\/{rel}","templated":true}]}}