{"id":3387,"date":"2020-04-07T13:07:00","date_gmt":"2020-04-07T12:07:00","guid":{"rendered":"http:\/\/petitmagellan.com\/?p=3387"},"modified":"2020-04-07T13:07:00","modified_gmt":"2020-04-07T12:07:00","slug":"hugo-a-11-mois","status":"publish","type":"post","link":"https:\/\/petitmagellan.com\/?p=3387","title":{"rendered":"Hugo a 11 mois"},"content":{"rendered":"\n<figure class=\"wp-block-gallery columns-1 is-cropped wp-block-gallery-1 is-layout-flex wp-block-gallery-is-layout-flex\"><ul class=\"blocks-gallery-grid\"><li class=\"blocks-gallery-item\"><figure><img decoding=\"async\" src=\"https:\/\/petitmagellan.files.wordpress.com\/2020\/04\/dsc00524-1.jpg?w=1024\" alt=\"\" data-id=\"3958\" data-link=\"https:\/\/petitmagellan.com\/dsc00524-1\/\" class=\"wp-image-3958\" \/><\/figure><\/li><\/ul><\/figure>\n\n\n\n<p>Quel mois. Le temps d\u2019avant le confinement me para\u00eet bien loin.<\/p>\n\n\n\n<figure class=\"wp-block-gallery columns-1 is-cropped aligncenter wp-block-gallery-2 is-layout-flex wp-block-gallery-is-layout-flex\"><ul class=\"blocks-gallery-grid\"><li class=\"blocks-gallery-item\"><figure><img decoding=\"async\" src=\"https:\/\/petitmagellan.files.wordpress.com\/2020\/03\/img_6906.jpg?w=1024\" alt=\"\" data-id=\"3383\" class=\"wp-image-3383\" \/><\/figure><\/li><\/ul><\/figure>\n\n\n\n<p>Nous sommes confin\u00e9s depuis plus de trois semaines et, malgr\u00e9 tout, Hugo est adorable. Je me demandais s\u2019il allait finir par tourner en rond ou par ressentir une sensation d\u2019enfermement, mais ce n\u2019est pas le cas. Il est encore trop petit. Il a m\u00eame probablement oubli\u00e9 qu\u2019il existe un monde dehors. Tant qu\u2019il est avec nous et qu\u2019il re\u00e7oit sa dose de c\u00e2lins, il se porte \u00e0 merveille. Et quel bonheur pour lui de passer autant de temps avec sa maman ET son papa !<\/p>\n\n\n\n<figure class=\"wp-block-gallery columns-1 is-cropped aligncenter wp-block-gallery-3 is-layout-flex wp-block-gallery-is-layout-flex\"><ul class=\"blocks-gallery-grid\"><li class=\"blocks-gallery-item\"><figure><img decoding=\"async\" src=\"https:\/\/petitmagellan.files.wordpress.com\/2020\/03\/img_7644.jpg\" data-id=\"3739\" class=\"wp-image-3739\" \/><\/figure><\/li><\/ul><\/figure>\n\n\n\n<p>Il sera sans doute surpris d&rsquo;aller chez le p\u00e9diatre en fin de semaine pour ses vaccins (qui ont heureusement \u00e9t\u00e9 maintenus). Ce sera notre premi\u00e8re sortie \u00e0 tous les deux apr\u00e8s 30 jours !!<\/p>\n\n\n\n<figure class=\"wp-block-gallery columns-1 is-cropped wp-block-gallery-4 is-layout-flex wp-block-gallery-is-layout-flex\"><ul class=\"blocks-gallery-grid\"><li class=\"blocks-gallery-item\"><figure><img decoding=\"async\" src=\"https:\/\/petitmagellan.files.wordpress.com\/2020\/03\/img_7605.jpg\" data-id=\"3737\" class=\"wp-image-3737\" \/><\/figure><\/li><\/ul><\/figure>\n\n\n\n<p>Je ne suis jamais rest\u00e9e aussi longtemps sans sortir mais les choses se passent tr\u00e8s bien. De son c\u00f4t\u00e9, Alex retourne de temps en temps travailler quand il sait qu&rsquo;il sera tout seul. Jusqu\u2019\u00e0 pr\u00e9sent, nous avons \u00e9t\u00e9 \u00e9pargn\u00e9s par les mauvaises nouvelles et nous sommes juste heureux que notre b\u00e9b\u00e9 soit en bonne sant\u00e9 ainsi que notre entourage.<\/p>\n\n\n\n<p>Bien s\u00fbr, on pr\u00e9f\u00e9rerait que les choses soient diff\u00e9rentes mais, vu le contexte, on a de la chance de rester \u00e0 la maison avec, pour seules pr\u00e9occupations, \u00eatre avec notre b\u00e9b\u00e9, lire, peindre, cuisiner, bricoler et regarder des films. Le fait de passer beaucoup de temps tous les trois contribue grandement \u00e0 rendre cet enfermement supportable \ud83d\ude42<\/p>\n\n\n\n<figure class=\"wp-block-gallery columns-1 is-cropped wp-block-gallery-5 is-layout-flex wp-block-gallery-is-layout-flex\"><ul class=\"blocks-gallery-grid\"><li class=\"blocks-gallery-item\"><figure><img decoding=\"async\" src=\"https:\/\/petitmagellan.files.wordpress.com\/2020\/04\/img_8040.jpg\" data-id=\"3930\" class=\"wp-image-3930\" \/><\/figure><\/li><\/ul><\/figure>\n\n\n\n<p>Pour revenir \u00e0 Hugo, je n\u2019ai pas grand chose \u00e0 ajouter sur ses progr\u00e8s si ce n\u2019est qu\u2019il \u00ab parle \u00bb sans arr\u00eat toute la journ\u00e9e et qu\u2019il comprend de plus en plus de mots (je pense \u00e0 : Hugo, papa, maman, vitamine, t\u00e9tine, manger, bravo, coucou, biberon, non). Il se manifeste quand on l\u2019appelle ou quand on le cherche, et il pousse aussi des petits cris pour nous appeler et attirer notre attention. Il est tr\u00e8s expressif et r\u00e9agit tout de suite \u00e0 nos grimaces, mimiques et phrases dr\u00f4les qu&rsquo;il conna\u00eet par c\u0153ur. Il adore rigoler avec nous et se force parfois comme pour nous faire plaisir, c\u2019est tellement marrant.<\/p>\n\n\n\n<figure class=\"wp-block-gallery columns-2 is-cropped wp-block-gallery-6 is-layout-flex wp-block-gallery-is-layout-flex\"><ul class=\"blocks-gallery-grid\"><li class=\"blocks-gallery-item\"><figure><img decoding=\"async\" src=\"https:\/\/petitmagellan.files.wordpress.com\/2020\/04\/img_7868.jpg\" data-id=\"3829\" class=\"wp-image-3829\" \/><\/figure><\/li><li class=\"blocks-gallery-item\"><figure><img decoding=\"async\" src=\"https:\/\/petitmagellan.files.wordpress.com\/2020\/04\/img_7869.jpg\" data-id=\"3830\" class=\"wp-image-3830\" \/><\/figure><\/li><\/ul><\/figure>\n\n\n\n<p>Parmi ses plus belles expressions :<\/p>\n\n\n\n<figure class=\"wp-block-gallery columns-2 is-cropped wp-block-gallery-7 is-layout-flex wp-block-gallery-is-layout-flex\"><ul class=\"blocks-gallery-grid\"><li class=\"blocks-gallery-item\"><figure><img loading=\"lazy\" decoding=\"async\" width=\"1867\" height=\"2405\" src=\"https:\/\/petitmagellan.files.wordpress.com\/2020\/03\/img_0911-e1586247698624.jpg?w=795\" alt=\"\" data-id=\"3733\" class=\"wp-image-3733\" srcset=\"https:\/\/petitmagellan.com\/wp-content\/uploads\/2020\/03\/img_0911-e1586247698624.jpg 1867w, https:\/\/petitmagellan.com\/wp-content\/uploads\/2020\/03\/img_0911-e1586247698624-233x300.jpg 233w, https:\/\/petitmagellan.com\/wp-content\/uploads\/2020\/03\/img_0911-e1586247698624-795x1024.jpg 795w, https:\/\/petitmagellan.com\/wp-content\/uploads\/2020\/03\/img_0911-e1586247698624-768x989.jpg 768w, https:\/\/petitmagellan.com\/wp-content\/uploads\/2020\/03\/img_0911-e1586247698624-1192x1536.jpg 1192w, https:\/\/petitmagellan.com\/wp-content\/uploads\/2020\/03\/img_0911-e1586247698624-1590x2048.jpg 1590w\" sizes=\"auto, (max-width: 709px) 85vw, (max-width: 909px) 67vw, (max-width: 1362px) 62vw, 840px\" \/><\/figure><\/li><li class=\"blocks-gallery-item\"><figure><img decoding=\"async\" src=\"https:\/\/petitmagellan.files.wordpress.com\/2020\/04\/img_0973.jpg?w=705\" alt=\"\" data-id=\"3933\" class=\"wp-image-3933\" \/><\/figure><\/li><\/ul><\/figure>\n\n\n\n<p>L\u00e0, c&rsquo;est quand il fait semblant de ne plus savoir se retourner (avec un air tr\u00e8s s\u00e9rieux) et qu&rsquo;il d\u00e9cide de ne pas bouger jusqu&rsquo;\u00e0 ce qu&rsquo;on vienne :<\/p>\n\n\n\n<figure class=\"wp-block-gallery columns-2 is-cropped wp-block-gallery-8 is-layout-flex wp-block-gallery-is-layout-flex\"><ul class=\"blocks-gallery-grid\"><li class=\"blocks-gallery-item\"><figure><img decoding=\"async\" src=\"https:\/\/petitmagellan.files.wordpress.com\/2020\/03\/img_7415.jpg?w=768\" alt=\"\" data-id=\"3746\" class=\"wp-image-3746\" \/><\/figure><\/li><li class=\"blocks-gallery-item\"><figure><img decoding=\"async\" src=\"https:\/\/petitmagellan.files.wordpress.com\/2020\/04\/img_7968.jpg?w=738\" alt=\"\" data-id=\"3932\" class=\"wp-image-3932\" \/><\/figure><\/li><\/ul><\/figure>\n\n\n\n<p>En train d&rsquo;ouvrir \/ de l\u00e9cher \/ de faire des choses interdites :<\/p>\n\n\n\n<figure class=\"wp-block-gallery columns-2 is-cropped wp-block-gallery-9 is-layout-flex wp-block-gallery-is-layout-flex\"><ul class=\"blocks-gallery-grid\"><li class=\"blocks-gallery-item\"><figure><img decoding=\"async\" src=\"https:\/\/petitmagellan.files.wordpress.com\/2020\/03\/img_7457.jpg?w=768\" alt=\"\" data-id=\"3749\" class=\"wp-image-3749\" \/><\/figure><\/li><li class=\"blocks-gallery-item\"><figure><img decoding=\"async\" src=\"https:\/\/petitmagellan.files.wordpress.com\/2020\/03\/img_6969.jpg?w=690\" alt=\"\" data-id=\"3382\" class=\"wp-image-3382\" \/><\/figure><\/li><li class=\"blocks-gallery-item\"><figure><img decoding=\"async\" src=\"https:\/\/petitmagellan.files.wordpress.com\/2020\/03\/img_0884-e1586247768580.jpg?w=750\" alt=\"\" data-id=\"3745\" class=\"wp-image-3745\" \/><\/figure><\/li><li class=\"blocks-gallery-item\"><figure><img decoding=\"async\" src=\"https:\/\/petitmagellan.files.wordpress.com\/2020\/03\/img_7613.jpg?w=768\" alt=\"\" data-id=\"3736\" class=\"wp-image-3736\" \/><\/figure><\/li><li class=\"blocks-gallery-item\"><figure><img decoding=\"async\" src=\"https:\/\/petitmagellan.files.wordpress.com\/2020\/04\/img_7966.jpg\" data-id=\"3941\" class=\"wp-image-3941\" \/><\/figure><\/li><li class=\"blocks-gallery-item\"><figure><img decoding=\"async\" src=\"https:\/\/petitmagellan.files.wordpress.com\/2020\/04\/img_8028.jpg\" data-id=\"3940\" class=\"wp-image-3940\" \/><\/figure><\/li><\/ul><\/figure>\n\n\n\n<p>Tr\u00e8s appliqu\u00e9 \u00e0 appuyer sur le bouton de son livre sonore (d&rsquo;ailleurs, il adore danser avec nous ou tout seul sur \u00e0 peu pr\u00e8s n&rsquo;importe quel son !) :<\/p>\n\n\n\n<figure class=\"wp-block-gallery columns-1 is-cropped wp-block-gallery-10 is-layout-flex wp-block-gallery-is-layout-flex\"><ul class=\"blocks-gallery-grid\"><li class=\"blocks-gallery-item\"><figure><img decoding=\"async\" src=\"https:\/\/petitmagellan.files.wordpress.com\/2020\/03\/img_7652-e1586250210486.jpg\" data-id=\"3743\" class=\"wp-image-3743\" \/><\/figure><\/li><\/ul><\/figure>\n\n\n\n<p>Pendant et apr\u00e8s le bain (l\u00e9ger sourire, ce n&rsquo;est jamais la grande rigolade) :<\/p>\n\n\n\n<figure class=\"wp-block-gallery columns-2 is-cropped wp-block-gallery-11 is-layout-flex wp-block-gallery-is-layout-flex\"><ul class=\"blocks-gallery-grid\"><li class=\"blocks-gallery-item\"><figure><img decoding=\"async\" src=\"https:\/\/petitmagellan.files.wordpress.com\/2020\/03\/img_0923.jpg?w=768\" alt=\"\" data-id=\"3735\" class=\"wp-image-3735\" \/><\/figure><\/li><li class=\"blocks-gallery-item\"><figure><img decoding=\"async\" src=\"https:\/\/petitmagellan.files.wordpress.com\/2020\/03\/img_7221.jpg?w=768\" alt=\"\" data-id=\"3505\" class=\"wp-image-3505\" \/><\/figure><\/li><\/ul><\/figure>\n\n\n\n<p>Sur la pointe des pieds :<\/p>\n\n\n\n<figure class=\"wp-block-gallery columns-2 is-cropped wp-block-gallery-12 is-layout-flex wp-block-gallery-is-layout-flex\"><ul class=\"blocks-gallery-grid\"><li class=\"blocks-gallery-item\"><figure><img decoding=\"async\" src=\"https:\/\/petitmagellan.files.wordpress.com\/2020\/03\/img_7173.jpg?w=768\" alt=\"\" data-id=\"3751\" class=\"wp-image-3751\" \/><\/figure><\/li><li class=\"blocks-gallery-item\"><figure><img decoding=\"async\" src=\"https:\/\/petitmagellan.files.wordpress.com\/2020\/03\/img_7705-e1586249710648.jpg\" data-id=\"3738\" class=\"wp-image-3738\" \/><\/figure><\/li><\/ul><\/figure>\n\n\n\n<p>Quand il fait un c\u00e2lin et qu&rsquo;il en veut un :<\/p>\n\n\n\n<figure class=\"wp-block-gallery columns-1 is-cropped aligncenter wp-block-gallery-13 is-layout-flex wp-block-gallery-is-layout-flex\"><ul class=\"blocks-gallery-grid\"><li class=\"blocks-gallery-item\"><figure><img decoding=\"async\" src=\"https:\/\/petitmagellan.files.wordpress.com\/2020\/03\/img_7556-e1586252013833.jpg\" data-id=\"3750\" class=\"wp-image-3750\" \/><\/figure><\/li><\/ul><\/figure>\n\n\n\n<p>J&rsquo;avais dit l&rsquo;autre jour qu&rsquo;il devenait champion de la sieste ; je me suis malheureusement emport\u00e9e. Cette phase n&rsquo;aura dur\u00e9 que quelques jours ! Hugo n&rsquo;est pas un tr\u00e8s grand dormeur : parfois il ne fait pas sa sieste du matin, parfois c&rsquo;est celle de l&rsquo;apr\u00e8s-midi qui saute, parfois celle du soir. Il peut dormir 30 minutes comme 3 heures dans une journ\u00e9e. Heureusement, il s&rsquo;endort assez rapidement le soir&#8230;<\/p>\n\n\n\n<figure class=\"wp-block-gallery columns-1 is-cropped wp-block-gallery-14 is-layout-flex wp-block-gallery-is-layout-flex\"><ul class=\"blocks-gallery-grid\"><li class=\"blocks-gallery-item\"><figure><img decoding=\"async\" src=\"https:\/\/petitmagellan.files.wordpress.com\/2020\/03\/img_7375-e1586252171509.jpg?w=1024\" alt=\"\" data-id=\"3752\" class=\"wp-image-3752\" \/><\/figure><\/li><\/ul><\/figure>\n\n\n\n<p>Et puis, parce que j\u2019y pense tous les jours en ce moment : dans un mois, il aura un an !!!!!!!!!! J&rsquo;ai beau avoir le calendrier sous les yeux, je ne comprends pas comment ce premier anniversaire arrive d\u00e9j\u00e0 le mois prochain.<br \/>Ce qui me r\u00e9conforte un peu face \u00e0 ce temps qui file \u00e0 toute vitesse, c&rsquo;est que nous continuerons de dire son \u00e2ge en mois pendant encore un moment haha \ud83d\ude42<\/p>\n\n\n\n<p>Joyeux 11 mois mon Hugo !<\/p>\n\n\n\n<figure class=\"wp-block-gallery columns-1 is-cropped wp-block-gallery-15 is-layout-flex wp-block-gallery-is-layout-flex\"><ul class=\"blocks-gallery-grid\"><li class=\"blocks-gallery-item\"><figure><img decoding=\"async\" src=\"https:\/\/petitmagellan.files.wordpress.com\/2020\/03\/img_7634.jpg?w=768\" alt=\"\" data-id=\"3742\" class=\"wp-image-3742\" \/><\/figure><\/li><\/ul><\/figure>\n\n\n\n<figure class=\"wp-block-video wp-block-embed is-type-video is-provider-videopress\"><div class=\"wp-block-embed__wrapper\">\n<iframe title=\"VideoPress Video Player\" aria-label='VideoPress Video Player' width='562' height='1000' src='https:\/\/video.wordpress.com\/embed\/MrvxFk8F?preloadContent=metadata&amp;hd=0&amp;cover=1' frameborder='0' allowfullscreen allow='clipboard-write'><\/iframe><script src='https:\/\/v0.wordpress.com\/js\/next\/videopress-iframe.js?m=1674852142'><\/script>\n<\/div><\/figure>\n","protected":false},"excerpt":{"rendered":"<p>Quel mois. Le temps d\u2019avant le confinement me para\u00eet bien loin. Nous sommes confin\u00e9s depuis plus de trois semaines et, malgr\u00e9 tout, Hugo est adorable. Je me demandais s\u2019il allait finir par tourner en rond ou par ressentir une sensation d\u2019enfermement, mais ce n\u2019est pas le cas. Il est encore trop petit. Il a m\u00eame &hellip; <a href=\"https:\/\/petitmagellan.com\/?p=3387\" class=\"more-link\">Continuer la lecture<span class=\"screen-reader-text\"> de &laquo;&nbsp;Hugo a 11 mois&nbsp;&raquo;<\/span><\/a><\/p>\n","protected":false},"author":1,"featured_media":0,"comment_status":"open","ping_status":"open","sticky":false,"template":"","format":"standard","meta":{"footnotes":""},"categories":[2],"tags":[],"class_list":["post-3387","post","type-post","status-publish","format-standard","hentry","category-non-classe"],"_links":{"self":[{"href":"https:\/\/petitmagellan.com\/index.php?rest_route=\/wp\/v2\/posts\/3387","targetHints":{"allow":["GET"]}}],"collection":[{"href":"https:\/\/petitmagellan.com\/index.php?rest_route=\/wp\/v2\/posts"}],"about":[{"href":"https:\/\/petitmagellan.com\/index.php?rest_route=\/wp\/v2\/types\/post"}],"author":[{"embeddable":true,"href":"https:\/\/petitmagellan.com\/index.php?rest_route=\/wp\/v2\/users\/1"}],"replies":[{"embeddable":true,"href":"https:\/\/petitmagellan.com\/index.php?rest_route=%2Fwp%2Fv2%2Fcomments&post=3387"}],"version-history":[{"count":0,"href":"https:\/\/petitmagellan.com\/index.php?rest_route=\/wp\/v2\/posts\/3387\/revisions"}],"wp:attachment":[{"href":"https:\/\/petitmagellan.com\/index.php?rest_route=%2Fwp%2Fv2%2Fmedia&parent=3387"}],"wp:term":[{"taxonomy":"category","embeddable":true,"href":"https:\/\/petitmagellan.com\/index.php?rest_route=%2Fwp%2Fv2%2Fcategories&post=3387"},{"taxonomy":"post_tag","embeddable":true,"href":"https:\/\/petitmagellan.com\/index.php?rest_route=%2Fwp%2Fv2%2Ftags&post=3387"}],"curies":[{"name":"wp","href":"https:\/\/api.w.org\/{rel}","templated":true}]}}