{"id":3377,"date":"2020-03-16T13:00:40","date_gmt":"2020-03-16T12:00:40","guid":{"rendered":"http:\/\/petitmagellan.com\/?p=3377"},"modified":"2020-03-16T13:00:40","modified_gmt":"2020-03-16T12:00:40","slug":"confinement","status":"publish","type":"post","link":"https:\/\/petitmagellan.com\/?p=3377","title":{"rendered":"Confinement"},"content":{"rendered":"\n<p>Jour 5 sans sortir pour Hugo et moi &#8211; Alex s\u2019occupe des courses mais ne va plus travailler.<\/p>\n\n\n\n<p>\u00c7a va plut\u00f4t tr\u00e8s bien et la poussette ne semble pas lui manquer !<\/p>\n\n\n\n<figure class=\"wp-block-gallery columns-1 is-cropped wp-block-gallery-1 is-layout-flex wp-block-gallery-is-layout-flex\"><ul class=\"blocks-gallery-grid\"><li class=\"blocks-gallery-item\"><figure><img decoding=\"async\" src=\"https:\/\/petitmagellan.files.wordpress.com\/2020\/03\/img_7136.jpg\" data-id=\"3401\" class=\"wp-image-3401\" \/><\/figure><\/li><\/ul><\/figure>\n\n\n\n<p>Il y a quelques jours, nous avons eu des sympt\u00f4mes (sans gravit\u00e9) avec Alex, et donc des doutes. Nous avons fini par appeler le Samu par pr\u00e9caution (ce n\u2019est que le lendemain qu\u2019il a \u00e9t\u00e9 demand\u00e9 d\u2019appeler le 15 uniquement en cas de sympt\u00f4mes graves) et, sans surprise, le m\u00e9decin nous a confirm\u00e9 qu\u2019il fallait rester chez nous et \u00e9viter les contacts.<\/p>\n\n\n\n<p>J\u2019esp\u00e8re que les efforts de chacun et le respect des consignes paieront et permettront de ralentir efficacement la propagation du virus, mais aussi d\u2019\u00e9viter l\u2019engorgement des h\u00f4pitaux&#8230; <\/p>\n\n\n\n<p>Et parce qu\u2019il faut bien le dire : je suis compl\u00e8tement sid\u00e9r\u00e9e de voir encore tant de personnes prendre tout cela \u00e0 la l\u00e9g\u00e8re et se moquer ouvertement des gestes barri\u00e8res. Ce niveau d\u2019inconscience et d\u2019irresponsabilit\u00e9 est tout simplement d\u00e9concertant. Il n\u2019y a plus qu\u2019\u00e0 esp\u00e9rer que ces personnes finissent par entendre raison et par appliquer le message martel\u00e9 chaque jour par les professionnels de sant\u00e9&#8230;<\/p>\n\n\n\n<p>Cela \u00e9tant dit&#8230; on s\u2019occupe sans difficult\u00e9 \u00e0 la maison et c\u2019est l\u2019occasion de faire toutes ces choses que l\u2019on remet toujours au lendemain. Et on profite malgr\u00e9 tout du soleil depuis nos fen\u00eatres !<\/p>\n\n\n\n<figure class=\"wp-block-gallery columns-1 is-cropped wp-block-gallery-2 is-layout-flex wp-block-gallery-is-layout-flex\"><ul class=\"blocks-gallery-grid\"><li class=\"blocks-gallery-item\"><figure><img decoding=\"async\" src=\"https:\/\/petitmagellan.files.wordpress.com\/2020\/03\/image-1.jpg\" data-id=\"3397\" class=\"wp-image-3397\" \/><\/figure><\/li><\/ul><\/figure>\n\n\n\n<figure class=\"wp-block-gallery columns-1 is-cropped wp-block-gallery-3 is-layout-flex wp-block-gallery-is-layout-flex\"><ul class=\"blocks-gallery-grid\"><li class=\"blocks-gallery-item\"><figure><img decoding=\"async\" src=\"https:\/\/petitmagellan.files.wordpress.com\/2020\/03\/img_7143.jpg\" data-id=\"3441\" class=\"wp-image-3441\" \/><\/figure><\/li><\/ul><\/figure>\n\n\n\n<p>En attendant, il y en a au moins un qui ne se doute de rien et qui poursuit son train-train !<\/p>\n\n\n\n<figure class=\"wp-block-gallery columns-1 is-cropped wp-block-gallery-4 is-layout-flex wp-block-gallery-is-layout-flex\"><ul class=\"blocks-gallery-grid\"><li class=\"blocks-gallery-item\"><figure><img decoding=\"async\" src=\"https:\/\/petitmagellan.files.wordpress.com\/2020\/03\/img_0772.jpg\" data-id=\"3390\" class=\"wp-image-3390\" \/><\/figure><\/li><\/ul><\/figure>\n","protected":false},"excerpt":{"rendered":"<p>Jour 5 sans sortir pour Hugo et moi &#8211; Alex s\u2019occupe des courses mais ne va plus travailler. \u00c7a va plut\u00f4t tr\u00e8s bien et la poussette ne semble pas lui manquer ! Il y a quelques jours, nous avons eu des sympt\u00f4mes (sans gravit\u00e9) avec Alex, et donc des doutes. Nous avons fini par appeler &hellip; <a href=\"https:\/\/petitmagellan.com\/?p=3377\" class=\"more-link\">Continuer la lecture<span class=\"screen-reader-text\"> de &laquo;&nbsp;Confinement&nbsp;&raquo;<\/span><\/a><\/p>\n","protected":false},"author":1,"featured_media":0,"comment_status":"open","ping_status":"open","sticky":false,"template":"","format":"standard","meta":{"footnotes":""},"categories":[2],"tags":[],"class_list":["post-3377","post","type-post","status-publish","format-standard","hentry","category-non-classe"],"_links":{"self":[{"href":"https:\/\/petitmagellan.com\/index.php?rest_route=\/wp\/v2\/posts\/3377","targetHints":{"allow":["GET"]}}],"collection":[{"href":"https:\/\/petitmagellan.com\/index.php?rest_route=\/wp\/v2\/posts"}],"about":[{"href":"https:\/\/petitmagellan.com\/index.php?rest_route=\/wp\/v2\/types\/post"}],"author":[{"embeddable":true,"href":"https:\/\/petitmagellan.com\/index.php?rest_route=\/wp\/v2\/users\/1"}],"replies":[{"embeddable":true,"href":"https:\/\/petitmagellan.com\/index.php?rest_route=%2Fwp%2Fv2%2Fcomments&post=3377"}],"version-history":[{"count":0,"href":"https:\/\/petitmagellan.com\/index.php?rest_route=\/wp\/v2\/posts\/3377\/revisions"}],"wp:attachment":[{"href":"https:\/\/petitmagellan.com\/index.php?rest_route=%2Fwp%2Fv2%2Fmedia&parent=3377"}],"wp:term":[{"taxonomy":"category","embeddable":true,"href":"https:\/\/petitmagellan.com\/index.php?rest_route=%2Fwp%2Fv2%2Fcategories&post=3377"},{"taxonomy":"post_tag","embeddable":true,"href":"https:\/\/petitmagellan.com\/index.php?rest_route=%2Fwp%2Fv2%2Ftags&post=3377"}],"curies":[{"name":"wp","href":"https:\/\/api.w.org\/{rel}","templated":true}]}}