{"id":331,"date":"2019-06-14T15:05:11","date_gmt":"2019-06-14T14:05:11","guid":{"rendered":"http:\/\/petitmagellan.com\/?p=331"},"modified":"2019-06-14T15:05:11","modified_gmt":"2019-06-14T14:05:11","slug":"sortie-en-porte-bebe","status":"publish","type":"post","link":"https:\/\/petitmagellan.com\/?p=331","title":{"rendered":"Sortie en porte-b\u00e9b\u00e9"},"content":{"rendered":"<p>Puisque nous habitons au 4e \u00e9tage sans ascenseur, c&rsquo;\u00e9tait l&rsquo;accessoire indispensable \u00e0 acqu\u00e9rir pour les sorties et il a enfin \u00e9t\u00e9 test\u00e9 et approuv\u00e9 \ud83d\ude42<\/p>\n\n\n<div class=\"wp-block-image\"><figure class=\"aligncenter is-resized\"><img loading=\"lazy\" decoding=\"async\" src=\"https:\/\/petitmagellan.files.wordpress.com\/2019\/06\/img_1143-2.jpg\" alt=\"\" class=\"wp-image-355\" width=\"485\" height=\"751\" \/><\/figure><\/div>\n\n\n<p>Il semble agir comme un somnif\u00e8re sur Hugo qui peut rester endormi dedans pendant des heures ! Hier, nous avons donc eu le temps d&rsquo;aller \u00e0 la PMI pour la pes\u00e9e (il a d\u00e9pass\u00e9 les 4 kg) et de faire un tour \u00e0 la braderie organis\u00e9e quelques rues plus loin (un b\u00e9b\u00e9 se cache sur cette photo).<\/p>\n\n\n<div class=\"wp-block-image\"><figure class=\"aligncenter is-resized\"><img loading=\"lazy\" decoding=\"async\" src=\"https:\/\/petitmagellan.files.wordpress.com\/2019\/06\/img_1169-2.jpg\" alt=\"\" class=\"wp-image-357\" width=\"487\" height=\"589\" \/><\/figure><\/div>\n\n\n<p>C&rsquo;est un Hugo repos\u00e9 et une maman heureuse d&rsquo;avoir retrouv\u00e9 l&rsquo;usage de ses deux bras !<\/p>","protected":false},"excerpt":{"rendered":"<p>Puisque nous habitons au 4e \u00e9tage sans ascenseur, c&rsquo;\u00e9tait l&rsquo;accessoire indispensable \u00e0 acqu\u00e9rir pour les sorties et il a enfin \u00e9t\u00e9 test\u00e9 et approuv\u00e9 \ud83d\ude42 Il semble agir comme un somnif\u00e8re sur Hugo qui peut rester endormi dedans pendant des heures ! Hier, nous avons donc eu le temps d&rsquo;aller \u00e0 la PMI pour la &hellip; <a href=\"https:\/\/petitmagellan.com\/?p=331\" class=\"more-link\">Continuer la lecture<span class=\"screen-reader-text\"> de &laquo;&nbsp;Sortie en porte-b\u00e9b\u00e9&nbsp;&raquo;<\/span><\/a><\/p>\n","protected":false},"author":1,"featured_media":0,"comment_status":"open","ping_status":"open","sticky":false,"template":"","format":"standard","meta":{"footnotes":""},"categories":[2],"tags":[],"class_list":["post-331","post","type-post","status-publish","format-standard","hentry","category-non-classe"],"_links":{"self":[{"href":"https:\/\/petitmagellan.com\/index.php?rest_route=\/wp\/v2\/posts\/331","targetHints":{"allow":["GET"]}}],"collection":[{"href":"https:\/\/petitmagellan.com\/index.php?rest_route=\/wp\/v2\/posts"}],"about":[{"href":"https:\/\/petitmagellan.com\/index.php?rest_route=\/wp\/v2\/types\/post"}],"author":[{"embeddable":true,"href":"https:\/\/petitmagellan.com\/index.php?rest_route=\/wp\/v2\/users\/1"}],"replies":[{"embeddable":true,"href":"https:\/\/petitmagellan.com\/index.php?rest_route=%2Fwp%2Fv2%2Fcomments&post=331"}],"version-history":[{"count":0,"href":"https:\/\/petitmagellan.com\/index.php?rest_route=\/wp\/v2\/posts\/331\/revisions"}],"wp:attachment":[{"href":"https:\/\/petitmagellan.com\/index.php?rest_route=%2Fwp%2Fv2%2Fmedia&parent=331"}],"wp:term":[{"taxonomy":"category","embeddable":true,"href":"https:\/\/petitmagellan.com\/index.php?rest_route=%2Fwp%2Fv2%2Fcategories&post=331"},{"taxonomy":"post_tag","embeddable":true,"href":"https:\/\/petitmagellan.com\/index.php?rest_route=%2Fwp%2Fv2%2Ftags&post=331"}],"curies":[{"name":"wp","href":"https:\/\/api.w.org\/{rel}","templated":true}]}}