{"id":2994,"date":"2020-03-07T18:42:00","date_gmt":"2020-03-07T17:42:00","guid":{"rendered":"http:\/\/petitmagellan.com\/?p=2994"},"modified":"2020-03-07T18:42:00","modified_gmt":"2020-03-07T17:42:00","slug":"hugo-a-10-mois","status":"publish","type":"post","link":"https:\/\/petitmagellan.com\/?p=2994","title":{"rendered":"Hugo a 10 mois"},"content":{"rendered":"\n<figure class=\"wp-block-gallery columns-1 is-cropped aligncenter wp-block-gallery-1 is-layout-flex wp-block-gallery-is-layout-flex\"><ul class=\"blocks-gallery-grid\"><li class=\"blocks-gallery-item\"><figure><img decoding=\"async\" src=\"https:\/\/petitmagellan.files.wordpress.com\/2020\/03\/dsc00507-4.jpg?w=996\" alt=\"\" data-id=\"3307\" data-link=\"https:\/\/petitmagellan.com\/dsc00507-4\/\" class=\"wp-image-3307\" \/><\/figure><\/li><\/ul><\/figure>\n\n\n\n<p>\u00c7a y est, on est sur la ligne des nombres \u00e0 deux chiffres !<\/p>\n\n\n\n<figure class=\"wp-block-gallery aligncenter columns-1 is-cropped wp-block-gallery-2 is-layout-flex wp-block-gallery-is-layout-flex\"><ul class=\"blocks-gallery-grid\"><li class=\"blocks-gallery-item\"><figure><img decoding=\"async\" src=\"https:\/\/petitmagellan.files.wordpress.com\/2020\/02\/img_6164-e1583591812422.jpg?w=762\" alt=\"\" data-id=\"2993\" class=\"wp-image-2993\" \/><\/figure><\/li><\/ul><\/figure>\n\n\n\n<p>\u00c0 cette occasion, Hugo semble avoir pass\u00e9 un petit cap physiquement car on le trouve plus dodu qu&rsquo;avant, surtout au niveau du ventre, des cuisses et des joues. Il faut dire qu\u2019il a toujours aussi bon app\u00e9tit ! \u00c7a commence enfin \u00e0 se voir \ud83d\ude42<\/p>\n\n\n\n<figure class=\"wp-block-gallery columns-2 is-cropped aligncenter wp-block-gallery-3 is-layout-flex wp-block-gallery-is-layout-flex\"><ul class=\"blocks-gallery-grid\"><li class=\"blocks-gallery-item\"><figure><img decoding=\"async\" src=\"https:\/\/petitmagellan.files.wordpress.com\/2020\/02\/img_6448.jpg?w=768\" alt=\"\" data-id=\"3121\" class=\"wp-image-3121\" \/><\/figure><\/li><li class=\"blocks-gallery-item\"><figure><img decoding=\"async\" src=\"https:\/\/petitmagellan.files.wordpress.com\/2020\/03\/img_6676.jpg?w=777\" alt=\"\" data-id=\"3241\" class=\"wp-image-3241\" \/><\/figure><\/li><\/ul><\/figure>\n\n\n\n<p>Et ce grand b\u00e9b\u00e9 n\u2019a presque plus besoin de nous car il arrive maintenant \u00e0 tenir son biberon tout seul. On n\u2019est quand m\u00eame jamais tr\u00e8s loin pour s\u2019assurer qu\u2019il le boive bien et qu\u2019il ne passe pas son temps \u00e0 le secouer.<\/p>\n\n\n\n<figure class=\"wp-block-gallery columns-1 is-cropped aligncenter wp-block-gallery-4 is-layout-flex wp-block-gallery-is-layout-flex\"><ul class=\"blocks-gallery-grid\"><li class=\"blocks-gallery-item\"><figure><img decoding=\"async\" src=\"https:\/\/petitmagellan.files.wordpress.com\/2020\/03\/img_6858.jpg?w=768\" alt=\"\" data-id=\"3228\" class=\"wp-image-3228\" \/><\/figure><\/li><\/ul><\/figure>\n\n\n\n<p>Sinon, pas de grands changements par rapport au mois dernier, si ce n\u2019est qu\u2019il fait tout ce qu\u2019il faisait d\u00e9j\u00e0 mais avec plus de rapidit\u00e9 et d\u2019assurance. Il se fait toujours un plaisir de marcher le long des meubles, de tout mettre \u00e0 la bouche, de tout toucher et de tout ouvrir.<\/p>\n\n\n\n<figure class=\"wp-block-gallery columns-2 is-cropped aligncenter wp-block-gallery-5 is-layout-flex wp-block-gallery-is-layout-flex\"><ul class=\"blocks-gallery-grid\"><li class=\"blocks-gallery-item\"><figure><img decoding=\"async\" src=\"https:\/\/petitmagellan.files.wordpress.com\/2020\/02\/img_6081.jpg?w=840\" alt=\"\" data-id=\"3004\" class=\"wp-image-3004\" \/><\/figure><\/li><li class=\"blocks-gallery-item\"><figure><img decoding=\"async\" src=\"https:\/\/petitmagellan.files.wordpress.com\/2020\/02\/img_6022.jpg?w=768\" alt=\"\" data-id=\"3006\" class=\"wp-image-3006\" \/><\/figure><\/li><\/ul><\/figure>\n\n\n\n<figure class=\"wp-block-gallery columns-2 is-cropped aligncenter wp-block-gallery-6 is-layout-flex wp-block-gallery-is-layout-flex\"><ul class=\"blocks-gallery-grid\"><li class=\"blocks-gallery-item\"><figure><img decoding=\"async\" src=\"https:\/\/petitmagellan.files.wordpress.com\/2020\/03\/img_6694.jpg?w=768\" alt=\"\" data-id=\"3239\" class=\"wp-image-3239\" \/><\/figure><\/li><li class=\"blocks-gallery-item\"><figure><img decoding=\"async\" src=\"https:\/\/petitmagellan.files.wordpress.com\/2020\/03\/img_6896.jpg?w=658\" alt=\"\" data-id=\"3293\" class=\"wp-image-3293\" \/><\/figure><\/li><\/ul><\/figure>\n\n\n\n<figure class=\"wp-block-gallery columns-2 is-cropped aligncenter wp-block-gallery-7 is-layout-flex wp-block-gallery-is-layout-flex\"><ul class=\"blocks-gallery-grid\"><li class=\"blocks-gallery-item\"><figure><img decoding=\"async\" src=\"https:\/\/petitmagellan.files.wordpress.com\/2020\/03\/img_6884.jpg?w=673\" alt=\"\" data-id=\"3222\" class=\"wp-image-3222\" \/><\/figure><\/li><li class=\"blocks-gallery-item\"><figure><img decoding=\"async\" src=\"https:\/\/petitmagellan.files.wordpress.com\/2020\/03\/img_6831.jpg?w=737\" alt=\"\" data-id=\"3229\" class=\"wp-image-3229\" \/><\/figure><\/li><\/ul><\/figure>\n\n\n\n<p>Concernant sa dent&#8230; On ne la voit pas, sauf quelques rares fois quand il sourit. Elle pousse vraiment \u00e0 son propre rythme, c&rsquo;est \u00e0 se demander si elle sortira un jour.<\/p>\n\n\n\n<p>D\u2019ailleurs, l\u2019autre incisive du bas arrive. Ce n\u2019est pour l\u2019instant qu\u2019un petit trait et, vu la lenteur du processus, elle devrait \u00eatre dehors d\u2019ici quelques mois&#8230;<\/p>\n\n\n\n<figure class=\"wp-block-gallery columns-1 is-cropped wp-block-gallery-8 is-layout-flex wp-block-gallery-is-layout-flex\"><ul class=\"blocks-gallery-grid\"><li class=\"blocks-gallery-item\"><figure><img decoding=\"async\" src=\"https:\/\/petitmagellan.files.wordpress.com\/2020\/02\/img_6336.jpg?w=761\" alt=\"\" data-id=\"3118\" class=\"wp-image-3118\" \/><\/figure><\/li><\/ul><\/figure>\n\n\n\n<figure class=\"wp-block-gallery columns-1 is-cropped aligncenter wp-block-gallery-9 is-layout-flex wp-block-gallery-is-layout-flex\"><ul class=\"blocks-gallery-grid\"><li class=\"blocks-gallery-item\"><figure><img decoding=\"async\" src=\"https:\/\/petitmagellan.files.wordpress.com\/2020\/02\/img_6516.jpg?w=768\" alt=\"\" data-id=\"3120\" class=\"wp-image-3120\" \/><\/figure><\/li><\/ul><\/figure>\n\n\n\n<p>Au niveau capillaire, les choses deviennent un peu hors de contr\u00f4le. M\u00e8ches rebelles et trop longues, pointes cassantes&#8230; Il va falloir agir. Un petit coup de ciseaux est pr\u00e9vu bient\u00f4t pour corriger tout \u00e7a. (L&rsquo;image d&rsquo;une paire de ciseaux pr\u00e8s de son visage est <s>tr\u00e8s<\/s> l\u00e9g\u00e8rement angoissante mais j&rsquo;essaie de ne pas y penser.)<\/p>\n\n\n\n<figure class=\"wp-block-gallery columns-2 is-cropped aligncenter wp-block-gallery-10 is-layout-flex wp-block-gallery-is-layout-flex\"><ul class=\"blocks-gallery-grid\"><li class=\"blocks-gallery-item\"><figure><img decoding=\"async\" src=\"https:\/\/petitmagellan.files.wordpress.com\/2020\/02\/img_6483.jpg?w=768\" alt=\"\" data-id=\"3119\" class=\"wp-image-3119\" \/><\/figure><\/li><li class=\"blocks-gallery-item\"><figure><img decoding=\"async\" src=\"https:\/\/petitmagellan.files.wordpress.com\/2020\/02\/img_6296.jpg?w=734\" alt=\"\" data-id=\"2992\" class=\"wp-image-2992\" \/><\/figure><\/li><\/ul><\/figure>\n\n\n\n<figure class=\"wp-block-gallery columns-1 is-cropped aligncenter wp-block-gallery-11 is-layout-flex wp-block-gallery-is-layout-flex\"><ul class=\"blocks-gallery-grid\"><li class=\"blocks-gallery-item\"><figure><img decoding=\"async\" src=\"https:\/\/petitmagellan.files.wordpress.com\/2020\/02\/img_6236.jpg?w=752\" alt=\"\" data-id=\"3187\" class=\"wp-image-3187\" \/><\/figure><\/li><\/ul><\/figure>\n\n\n\n<p>Ce mois-ci, les sorties au soleil ont \u00e9t\u00e9 nombreuses et Hugo a aussi pris le train pour la deuxi\u00e8me fois. Il aime toujours autant se faire promener mais d\u00e9teste vraiment le moment o\u00f9 on l\u2019habille avant de sortir, surtout quand on lui couvre la t\u00eate.<\/p>\n\n\n\n<figure class=\"wp-block-gallery columns-2 is-cropped aligncenter wp-block-gallery-12 is-layout-flex wp-block-gallery-is-layout-flex\"><ul class=\"blocks-gallery-grid\"><li class=\"blocks-gallery-item\"><figure><img decoding=\"async\" src=\"https:\/\/petitmagellan.files.wordpress.com\/2020\/03\/img_6810.jpg?w=715\" alt=\"\" data-id=\"3236\" class=\"wp-image-3236\" \/><\/figure><\/li><li class=\"blocks-gallery-item\"><figure><img decoding=\"async\" src=\"https:\/\/petitmagellan.files.wordpress.com\/2020\/03\/img_6606.jpg?w=768\" alt=\"\" data-id=\"3243\" class=\"wp-image-3243\" \/><\/figure><\/li><li class=\"blocks-gallery-item\"><figure><img decoding=\"async\" src=\"https:\/\/petitmagellan.files.wordpress.com\/2020\/02\/img_6425.jpg?w=768\" alt=\"\" data-id=\"3123\" class=\"wp-image-3123\" \/><\/figure><\/li><li class=\"blocks-gallery-item\"><figure><img decoding=\"async\" src=\"https:\/\/petitmagellan.files.wordpress.com\/2020\/02\/img_6457.jpg?w=768\" alt=\"\" data-id=\"3122\" class=\"wp-image-3122\" \/><\/figure><\/li><\/ul><\/figure>\n\n\n\n<p>Enfin, on peut d\u00e9sormais dire qu\u2019il fait ses nuits, bien que certaines soient encore mouvement\u00e9es. En fait, je crois qu&rsquo;on ne conna\u00eetra plus jamais de nuits normales. Il faut juste s\u2019y r\u00e9soudre !!!<\/p>\n\n\n\n<figure class=\"wp-block-gallery columns-1 is-cropped aligncenter wp-block-gallery-13 is-layout-flex wp-block-gallery-is-layout-flex\"><ul class=\"blocks-gallery-grid\"><li class=\"blocks-gallery-item\"><figure><img decoding=\"async\" src=\"https:\/\/petitmagellan.files.wordpress.com\/2020\/03\/img_6792.jpg?w=738\" alt=\"\" data-id=\"3237\" class=\"wp-image-3237\" \/><\/figure><\/li><\/ul><\/figure>\n\n\n\n<p>Joyeux 10 mois Hugo !<\/p>\n\n\n\n<figure class=\"wp-block-gallery columns-1 is-cropped aligncenter wp-block-gallery-14 is-layout-flex wp-block-gallery-is-layout-flex\"><ul class=\"blocks-gallery-grid\"><li class=\"blocks-gallery-item\"><figure><img decoding=\"async\" src=\"https:\/\/petitmagellan.files.wordpress.com\/2020\/03\/img_6878.jpg?w=768\" alt=\"\" data-id=\"3226\" class=\"wp-image-3226\" \/><\/figure><\/li><\/ul><\/figure>\n","protected":false},"excerpt":{"rendered":"<p>\u00c7a y est, on est sur la ligne des nombres \u00e0 deux chiffres ! \u00c0 cette occasion, Hugo semble avoir pass\u00e9 un petit cap physiquement car on le trouve plus dodu qu&rsquo;avant, surtout au niveau du ventre, des cuisses et des joues. Il faut dire qu\u2019il a toujours aussi bon app\u00e9tit ! \u00c7a commence enfin &hellip; <a href=\"https:\/\/petitmagellan.com\/?p=2994\" class=\"more-link\">Continuer la lecture<span class=\"screen-reader-text\"> de &laquo;&nbsp;Hugo a 10 mois&nbsp;&raquo;<\/span><\/a><\/p>\n","protected":false},"author":1,"featured_media":0,"comment_status":"open","ping_status":"open","sticky":false,"template":"","format":"standard","meta":{"footnotes":""},"categories":[2],"tags":[],"class_list":["post-2994","post","type-post","status-publish","format-standard","hentry","category-non-classe"],"_links":{"self":[{"href":"https:\/\/petitmagellan.com\/index.php?rest_route=\/wp\/v2\/posts\/2994","targetHints":{"allow":["GET"]}}],"collection":[{"href":"https:\/\/petitmagellan.com\/index.php?rest_route=\/wp\/v2\/posts"}],"about":[{"href":"https:\/\/petitmagellan.com\/index.php?rest_route=\/wp\/v2\/types\/post"}],"author":[{"embeddable":true,"href":"https:\/\/petitmagellan.com\/index.php?rest_route=\/wp\/v2\/users\/1"}],"replies":[{"embeddable":true,"href":"https:\/\/petitmagellan.com\/index.php?rest_route=%2Fwp%2Fv2%2Fcomments&post=2994"}],"version-history":[{"count":0,"href":"https:\/\/petitmagellan.com\/index.php?rest_route=\/wp\/v2\/posts\/2994\/revisions"}],"wp:attachment":[{"href":"https:\/\/petitmagellan.com\/index.php?rest_route=%2Fwp%2Fv2%2Fmedia&parent=2994"}],"wp:term":[{"taxonomy":"category","embeddable":true,"href":"https:\/\/petitmagellan.com\/index.php?rest_route=%2Fwp%2Fv2%2Fcategories&post=2994"},{"taxonomy":"post_tag","embeddable":true,"href":"https:\/\/petitmagellan.com\/index.php?rest_route=%2Fwp%2Fv2%2Ftags&post=2994"}],"curies":[{"name":"wp","href":"https:\/\/api.w.org\/{rel}","templated":true}]}}