{"id":2752,"date":"2020-01-31T19:37:30","date_gmt":"2020-01-31T18:37:30","guid":{"rendered":"http:\/\/petitmagellan.com\/?p=2752"},"modified":"2020-01-31T19:37:30","modified_gmt":"2020-01-31T18:37:30","slug":"expo-picasso","status":"publish","type":"post","link":"https:\/\/petitmagellan.com\/?p=2752","title":{"rendered":"Expo Picasso"},"content":{"rendered":"\n<p>Aujourd\u2019hui, je suis all\u00e9e voir l\u2019exposition \u00ab Imagine Picasso \u00bb \u00e0 la Sucri\u00e8re avec Hugo.<\/p>\n\n\n<figure class=\"wp-block-gallery aligncenter columns-1 is-cropped wp-block-gallery-1 is-layout-flex wp-block-gallery-is-layout-flex\">\n  <ul class=\"blocks-gallery-grid\">\n    <li class=\"blocks-gallery-item\">\n      <figure><img decoding=\"async\" src=\"https:\/\/petitmagellan.files.wordpress.com\/2020\/01\/img_5858.jpg?w=768\" alt=\"\" data-id=\"2756\" class=\"wp-image-2756\"><\/figure>\n    <\/li>\n  <\/ul>\n<\/figure>\n\n\n<p>Le concept m&rsquo;a rappel\u00e9 celui de la f\u00eate des Lumi\u00e8res : une promenade en pleine immersion o\u00f9 les oeuvres g\u00e9antes de l&rsquo;artiste \u00e9taient projet\u00e9es sur les murs et le sol, le tout en musique.<\/p>\n\n\n<figure class=\"wp-block-gallery aligncenter columns-2 is-cropped wp-block-gallery-2 is-layout-flex wp-block-gallery-is-layout-flex\">\n  <ul class=\"blocks-gallery-grid\">\n    <li class=\"blocks-gallery-item\">\n      <figure><img decoding=\"async\" src=\"https:\/\/petitmagellan.files.wordpress.com\/2020\/01\/img_5893.jpg?w=808\" alt=\"\" data-id=\"2757\" class=\"wp-image-2757\"><\/figure>\n    <\/li>\n    <li class=\"blocks-gallery-item\">\n      <figure><img decoding=\"async\" src=\"https:\/\/petitmagellan.files.wordpress.com\/2020\/01\/img_5919.jpg?w=768\" alt=\"\" data-id=\"2759\" class=\"wp-image-2759\"><\/figure>\n    <\/li>\n  <\/ul>\n<\/figure>\n\n\n<figure class=\"wp-block-gallery aligncenter columns-2 is-cropped wp-block-gallery-3 is-layout-flex wp-block-gallery-is-layout-flex\">\n  <ul class=\"blocks-gallery-grid\">\n    <li class=\"blocks-gallery-item\">\n      <figure><img decoding=\"async\" src=\"https:\/\/petitmagellan.files.wordpress.com\/2020\/01\/img_5870.jpg?w=768\" alt=\"\" data-id=\"2765\" class=\"wp-image-2765\"><\/figure>\n    <\/li>\n    <li class=\"blocks-gallery-item\">\n      <figure><img decoding=\"async\" src=\"https:\/\/petitmagellan.files.wordpress.com\/2020\/01\/img_5871.jpg?w=768\" alt=\"\" data-id=\"2768\" class=\"wp-image-2768\"><\/figure>\n    <\/li>\n  <\/ul>\n<\/figure>\n\n\n<figure class=\"wp-block-gallery aligncenter columns-2 is-cropped wp-block-gallery-4 is-layout-flex wp-block-gallery-is-layout-flex\">\n  <ul class=\"blocks-gallery-grid\">\n    <li class=\"blocks-gallery-item\">\n      <figure><img decoding=\"async\" src=\"https:\/\/petitmagellan.files.wordpress.com\/2020\/01\/img_5887.jpg?w=768\" alt=\"\" data-id=\"2761\" class=\"wp-image-2761\"><\/figure>\n    <\/li>\n    <li class=\"blocks-gallery-item\">\n      <figure><img decoding=\"async\" src=\"https:\/\/petitmagellan.files.wordpress.com\/2020\/01\/img_5874.jpg?w=768\" alt=\"\" data-id=\"2763\" class=\"wp-image-2763\"><\/figure>\n    <\/li>\n  <\/ul>\n<\/figure>\n\n\n<p>C&rsquo;\u00e9tait vraiment bien et cette fois-ci Hugo a profit\u00e9 du spectacle \ud83d\ude42<\/p>\n\n\n<figure class=\"wp-block-image size-large\"><img decoding=\"async\" src=\"https:\/\/petitmagellan.files.wordpress.com\/2020\/01\/img_5927.jpg?w=745\" class=\"aligncenter wp-image-2785\"><\/figure>\n","protected":false},"excerpt":{"rendered":"<p>Aujourd\u2019hui, je suis all\u00e9e voir l\u2019exposition \u00ab Imagine Picasso \u00bb \u00e0 la Sucri\u00e8re avec Hugo. Le concept m&rsquo;a rappel\u00e9 celui de la f\u00eate des Lumi\u00e8res : une promenade en pleine immersion o\u00f9 les oeuvres g\u00e9antes de l&rsquo;artiste \u00e9taient projet\u00e9es sur les murs et le sol, le tout en musique. C&rsquo;\u00e9tait vraiment bien et cette fois-ci &hellip; <a href=\"https:\/\/petitmagellan.com\/?p=2752\" class=\"more-link\">Continuer la lecture<span class=\"screen-reader-text\"> de &laquo;&nbsp;Expo Picasso&nbsp;&raquo;<\/span><\/a><\/p>\n","protected":false},"author":1,"featured_media":0,"comment_status":"open","ping_status":"open","sticky":false,"template":"","format":"standard","meta":{"footnotes":""},"categories":[2],"tags":[],"class_list":["post-2752","post","type-post","status-publish","format-standard","hentry","category-non-classe"],"_links":{"self":[{"href":"https:\/\/petitmagellan.com\/index.php?rest_route=\/wp\/v2\/posts\/2752","targetHints":{"allow":["GET"]}}],"collection":[{"href":"https:\/\/petitmagellan.com\/index.php?rest_route=\/wp\/v2\/posts"}],"about":[{"href":"https:\/\/petitmagellan.com\/index.php?rest_route=\/wp\/v2\/types\/post"}],"author":[{"embeddable":true,"href":"https:\/\/petitmagellan.com\/index.php?rest_route=\/wp\/v2\/users\/1"}],"replies":[{"embeddable":true,"href":"https:\/\/petitmagellan.com\/index.php?rest_route=%2Fwp%2Fv2%2Fcomments&post=2752"}],"version-history":[{"count":0,"href":"https:\/\/petitmagellan.com\/index.php?rest_route=\/wp\/v2\/posts\/2752\/revisions"}],"wp:attachment":[{"href":"https:\/\/petitmagellan.com\/index.php?rest_route=%2Fwp%2Fv2%2Fmedia&parent=2752"}],"wp:term":[{"taxonomy":"category","embeddable":true,"href":"https:\/\/petitmagellan.com\/index.php?rest_route=%2Fwp%2Fv2%2Fcategories&post=2752"},{"taxonomy":"post_tag","embeddable":true,"href":"https:\/\/petitmagellan.com\/index.php?rest_route=%2Fwp%2Fv2%2Ftags&post=2752"}],"curies":[{"name":"wp","href":"https:\/\/api.w.org\/{rel}","templated":true}]}}