{"id":2669,"date":"2020-02-07T14:55:00","date_gmt":"2020-02-07T13:55:00","guid":{"rendered":"http:\/\/petitmagellan.com\/?p=2669"},"modified":"2020-02-07T14:55:00","modified_gmt":"2020-02-07T13:55:00","slug":"hugo-a-9-mois","status":"publish","type":"post","link":"https:\/\/petitmagellan.com\/?p=2669","title":{"rendered":"Hugo a 9 mois"},"content":{"rendered":"\n<figure class=\"wp-block-gallery aligncenter columns-1 is-cropped wp-block-gallery-1 is-layout-flex wp-block-gallery-is-layout-flex\"><ul class=\"blocks-gallery-grid\"><li class=\"blocks-gallery-item\"><figure><img decoding=\"async\" src=\"https:\/\/petitmagellan.files.wordpress.com\/2020\/02\/dsc00471.jpg?w=985\" alt=\"\" data-id=\"2891\" class=\"wp-image-2891\" \/><\/figure><\/li><\/ul><\/figure>\n\n\n\n<p>Le mois qui vient de s\u2019\u00e9couler a clairement pulv\u00e9ris\u00e9 tous les records en terme de changements et de progr\u00e8s. Hugo est de plus en plus autonome et je sais que je n&rsquo;ai pas fini de lui courir apr\u00e8s \ud83d\ude42<\/p>\n\n\n\n<figure class=\"wp-block-gallery aligncenter columns-1 is-cropped wp-block-gallery-2 is-layout-flex wp-block-gallery-is-layout-flex\"><ul class=\"blocks-gallery-grid\"><li class=\"blocks-gallery-item\"><figure><img decoding=\"async\" src=\"https:\/\/petitmagellan.files.wordpress.com\/2020\/02\/img_5943.jpg?w=768\" alt=\"\" data-id=\"2789\" class=\"wp-image-2789\" \/><\/figure><\/li><\/ul><\/figure>\n\n\n\n<figure class=\"wp-block-gallery aligncenter columns-2 is-cropped wp-block-gallery-3 is-layout-flex wp-block-gallery-is-layout-flex\"><ul class=\"blocks-gallery-grid\"><li class=\"blocks-gallery-item\"><figure><img decoding=\"async\" src=\"https:\/\/petitmagellan.files.wordpress.com\/2020\/02\/img_5831.jpg?w=768\" alt=\"\" data-id=\"2793\" class=\"wp-image-2793\" \/><\/figure><\/li><li class=\"blocks-gallery-item\"><figure><img decoding=\"async\" src=\"https:\/\/petitmagellan.files.wordpress.com\/2020\/02\/img_5826.jpg?w=605\" alt=\"\" data-id=\"2795\" class=\"wp-image-2795\" \/><\/figure><\/li><\/ul><\/figure>\n\n\n\n<p>Ce matin, j\u2019avais rendez-vous chez le p\u00e9diatre pour son examen des 9 mois. J\u2019avais du mal \u00e0 croire que notre derni\u00e8re visite remontait au mois de novembre, et pourtant&#8230; <br>Hugo a \u00e9t\u00e9 observ\u00e9 sous toutes les coutures et il a r\u00e9ussi tous ses tests de vision, d\u2019audition et de motricit\u00e9 ! Il mesure 73 cm et p\u00e8se 7,1 kg, ce qui en fait, encore et toujours, un grand b\u00e9b\u00e9 poids plume (le p\u00e9diatre a bien pr\u00e9cis\u00e9 \u00ab non \u00bb en face de \u00ab surcharge pond\u00e9rale \u00bb haha).<\/p>\n\n\n\n<p>Dans la salle d\u2019attente, je discutais avec une maman et lui disais que, pour un b\u00e9b\u00e9 qui ne va pas \u00e0 la cr\u00e8che ou chez la nounou et qui voit donc moins de monde que s&rsquo;il \u00e9tait gard\u00e9 tous les jours, je trouve Hugo tr\u00e8s sociable, dans le sens o\u00f9 il ne craint pas les inconnus et ne pleure pas en leur pr\u00e9sence (ce qui est apparemment courant \u00e0 cet \u00e2ge-l\u00e0). Au contraire, il se fait porter sans rechigner par tout le monde et, quand quelqu&rsquo;un se penche au-dessus de sa poussette ou le regarde tout simplement, il r\u00e9pond quasiment toujours par un sourire. \u00c7a fait son petit effet aupr\u00e8s de son public et il ne s&rsquo;en est encore pas priv\u00e9 ce matin \ud83d\ude42<\/p>\n\n\n\n<figure class=\"wp-block-gallery aligncenter columns-1 is-cropped wp-block-gallery-4 is-layout-flex wp-block-gallery-is-layout-flex\"><ul class=\"blocks-gallery-grid\"><li class=\"blocks-gallery-item\"><figure><img loading=\"lazy\" decoding=\"async\" width=\"2395\" height=\"1628\" src=\"https:\/\/petitmagellan.files.wordpress.com\/2020\/02\/img_5669.jpg?w=1024\" alt=\"\" data-id=\"2801\" class=\"wp-image-2801\" srcset=\"https:\/\/petitmagellan.com\/wp-content\/uploads\/2020\/02\/img_5669.jpg 2395w, https:\/\/petitmagellan.com\/wp-content\/uploads\/2020\/02\/img_5669-300x204.jpg 300w, https:\/\/petitmagellan.com\/wp-content\/uploads\/2020\/02\/img_5669-1024x696.jpg 1024w, https:\/\/petitmagellan.com\/wp-content\/uploads\/2020\/02\/img_5669-768x522.jpg 768w, https:\/\/petitmagellan.com\/wp-content\/uploads\/2020\/02\/img_5669-1536x1044.jpg 1536w, https:\/\/petitmagellan.com\/wp-content\/uploads\/2020\/02\/img_5669-2048x1392.jpg 2048w\" sizes=\"auto, (max-width: 709px) 85vw, (max-width: 909px) 67vw, (max-width: 1362px) 62vw, 840px\" \/><\/figure><\/li><\/ul><\/figure>\n\n\n\n<p>Dans le tramway l&rsquo;autre jour, il \u00e9tait tr\u00e8s concentr\u00e9 \u00e0 tout observer avant de croiser le regard d&rsquo;un monsieur \u00e0 qui il a souri et qui a ensuite jou\u00e9 \u00e0 \u00ab\u00a0coucou-cach\u00e9\u00a0\u00bb avec lui. Il faisait aussi d&rsquo;immenses sourires aux personnes \u00e0 c\u00f4t\u00e9 de nous \u00e0 chaque fois qu&rsquo;on prenait l&rsquo;ascenseur. Charmeur ! (Photos pas tr\u00e8s repr\u00e9sentatives ci-dessous.)<\/p>\n\n\n\n<figure class=\"wp-block-gallery aligncenter columns-2 is-cropped wp-block-gallery-5 is-layout-flex wp-block-gallery-is-layout-flex\"><ul class=\"blocks-gallery-grid\"><li class=\"blocks-gallery-item\"><figure><img decoding=\"async\" src=\"https:\/\/petitmagellan.files.wordpress.com\/2020\/02\/img_5849.jpg?w=770\" alt=\"\" data-id=\"2791\" class=\"wp-image-2791\" \/><\/figure><\/li><li class=\"blocks-gallery-item\"><figure><img decoding=\"async\" src=\"https:\/\/petitmagellan.files.wordpress.com\/2020\/02\/img_5933.jpg?w=768\" alt=\"\" data-id=\"2787\" class=\"wp-image-2787\" \/><\/figure><\/li><\/ul><\/figure>\n\n\n\n<p>Sinon, je r\u00eaverais de dire qu&rsquo;il fait ses nuits, du moins de \u00ab bonnes \u00bb nuits, mais il lui arrive encore de se r\u00e9veiller vers 4h du matin. Il a juste besoin d\u2019\u00eatre berc\u00e9 quelques minutes puis se rendort jusqu&rsquo;\u00e0 6-7h. Ce serait <em>tellement<\/em> bien que ce r\u00e9veil de 4h disparaisse pour de bon !<\/p>\n\n\n\n<figure class=\"wp-block-gallery aligncenter columns-1 is-cropped wp-block-gallery-6 is-layout-flex wp-block-gallery-is-layout-flex\"><ul class=\"blocks-gallery-grid\"><li class=\"blocks-gallery-item\"><figure><img decoding=\"async\" src=\"https:\/\/petitmagellan.files.wordpress.com\/2020\/02\/img_5749.jpg?w=1024\" alt=\"\" data-id=\"2797\" class=\"wp-image-2797\" \/><\/figure><\/li><\/ul><\/figure>\n\n\n\n<p>Concernant sa petite dent qui pousse, je guette les changements chez lui mais rien pour l\u2019instant : pas plus de bave que d\u2019habitude, pas de joues rouges ni de gencives enfl\u00e9es, pas de douleur. Il se contente juste de m\u00e2chouiller ses anneaux de dentition en jouant tranquillement. Esp\u00e9rons que \u00e7a continue comme \u00e7a \ud83d\ude42<\/p>\n\n\n\n<figure class=\"wp-block-gallery aligncenter columns-1 is-cropped wp-block-gallery-7 is-layout-flex wp-block-gallery-is-layout-flex\"><ul class=\"blocks-gallery-grid\"><li class=\"blocks-gallery-item\"><figure><img decoding=\"async\" src=\"https:\/\/petitmagellan.files.wordpress.com\/2020\/02\/img_5740.jpg?w=768\" alt=\"\" data-id=\"2799\" class=\"wp-image-2799\" \/><\/figure><\/li><\/ul><\/figure>\n\n\n\n<p>Autre nouvelle : avant-hier, il a bu son premier biberon. Jusqu&rsquo;\u00e0 pr\u00e9sent, on m\u00e9langeait le lait avec ses pur\u00e9es et ses compotes car il refusait cat\u00e9goriquement de boire avec la t\u00e9tine du biberon ou le bec de la tasse. J&rsquo;avais l&rsquo;impression que la transition n&rsquo;allait jamais se faire et, apr\u00e8s neuf mois d&rsquo;allaitement et plusieurs semaines de tentatives, c&rsquo;est finalement arriv\u00e9 ! Je crois qu&rsquo;il fallait le temps de s&rsquo;habituer&#8230; pour lui comme pour moi.<\/p>\n\n\n\n<figure class=\"wp-block-gallery aligncenter columns-2 is-cropped wp-block-gallery-8 is-layout-flex wp-block-gallery-is-layout-flex\"><ul class=\"blocks-gallery-grid\"><li class=\"blocks-gallery-item\"><figure><img decoding=\"async\" src=\"https:\/\/petitmagellan.files.wordpress.com\/2020\/02\/img_0596.jpg?w=710\" alt=\"\" data-id=\"2924\" class=\"wp-image-2924\" \/><\/figure><\/li><li class=\"blocks-gallery-item\"><figure><img decoding=\"async\" src=\"https:\/\/petitmagellan.files.wordpress.com\/2020\/02\/img_0608.jpg?w=798\" alt=\"\" data-id=\"2882\" class=\"wp-image-2882\" \/><\/figure><\/li><\/ul><\/figure>\n\n\n\n<figure class=\"wp-block-gallery aligncenter columns-1 is-cropped wp-block-gallery-9 is-layout-flex wp-block-gallery-is-layout-flex\"><ul class=\"blocks-gallery-grid\"><li class=\"blocks-gallery-item\"><figure><img decoding=\"async\" src=\"https:\/\/petitmagellan.files.wordpress.com\/2020\/02\/img_0605.jpg?w=1024\" alt=\"\" data-id=\"2881\" class=\"wp-image-2881\" \/><\/figure><\/li><\/ul><\/figure>\n\n\n\n<p>Joyeux 9 mois mon Hugo !<\/p>\n\n\n\n<figure class=\"wp-block-gallery aligncenter columns-1 is-cropped wp-block-gallery-10 is-layout-flex wp-block-gallery-is-layout-flex\"><ul class=\"blocks-gallery-grid\"><li class=\"blocks-gallery-item\"><figure><img loading=\"lazy\" decoding=\"async\" width=\"747\" height=\"1068\" src=\"https:\/\/petitmagellan.files.wordpress.com\/2020\/02\/img_6008.jpg?w=716\" alt=\"\" data-id=\"2883\" class=\"wp-image-2883\" srcset=\"https:\/\/petitmagellan.com\/wp-content\/uploads\/2020\/02\/img_6008.jpg 747w, https:\/\/petitmagellan.com\/wp-content\/uploads\/2020\/02\/img_6008-210x300.jpg 210w, https:\/\/petitmagellan.com\/wp-content\/uploads\/2020\/02\/img_6008-716x1024.jpg 716w\" sizes=\"auto, (max-width: 709px) 85vw, (max-width: 909px) 67vw, (max-width: 984px) 61vw, (max-width: 1362px) 45vw, 600px\" \/><\/figure><\/li><\/ul><\/figure>\n\n\n\n<figure class=\"wp-block-video aligncenter wp-block-embed is-type-video is-provider-videopress\"><div class=\"wp-block-embed__wrapper\">\nhttps:\/\/videopress.com\/v\/9w23RpiG?preloadContent=metadata\n<\/div><\/figure>\n","protected":false},"excerpt":{"rendered":"<p>Le mois qui vient de s\u2019\u00e9couler a clairement pulv\u00e9ris\u00e9 tous les records en terme de changements et de progr\u00e8s. Hugo est de plus en plus autonome et je sais que je n&rsquo;ai pas fini de lui courir apr\u00e8s \ud83d\ude42 Ce matin, j\u2019avais rendez-vous chez le p\u00e9diatre pour son examen des 9 mois. J\u2019avais du mal &hellip; <a href=\"https:\/\/petitmagellan.com\/?p=2669\" class=\"more-link\">Continuer la lecture<span class=\"screen-reader-text\"> de &laquo;&nbsp;Hugo a 9 mois&nbsp;&raquo;<\/span><\/a><\/p>\n","protected":false},"author":1,"featured_media":0,"comment_status":"open","ping_status":"open","sticky":false,"template":"","format":"standard","meta":{"footnotes":""},"categories":[2],"tags":[],"class_list":["post-2669","post","type-post","status-publish","format-standard","hentry","category-non-classe"],"_links":{"self":[{"href":"https:\/\/petitmagellan.com\/index.php?rest_route=\/wp\/v2\/posts\/2669","targetHints":{"allow":["GET"]}}],"collection":[{"href":"https:\/\/petitmagellan.com\/index.php?rest_route=\/wp\/v2\/posts"}],"about":[{"href":"https:\/\/petitmagellan.com\/index.php?rest_route=\/wp\/v2\/types\/post"}],"author":[{"embeddable":true,"href":"https:\/\/petitmagellan.com\/index.php?rest_route=\/wp\/v2\/users\/1"}],"replies":[{"embeddable":true,"href":"https:\/\/petitmagellan.com\/index.php?rest_route=%2Fwp%2Fv2%2Fcomments&post=2669"}],"version-history":[{"count":0,"href":"https:\/\/petitmagellan.com\/index.php?rest_route=\/wp\/v2\/posts\/2669\/revisions"}],"wp:attachment":[{"href":"https:\/\/petitmagellan.com\/index.php?rest_route=%2Fwp%2Fv2%2Fmedia&parent=2669"}],"wp:term":[{"taxonomy":"category","embeddable":true,"href":"https:\/\/petitmagellan.com\/index.php?rest_route=%2Fwp%2Fv2%2Fcategories&post=2669"},{"taxonomy":"post_tag","embeddable":true,"href":"https:\/\/petitmagellan.com\/index.php?rest_route=%2Fwp%2Fv2%2Ftags&post=2669"}],"curies":[{"name":"wp","href":"https:\/\/api.w.org\/{rel}","templated":true}]}}