{"id":2406,"date":"2020-02-02T19:11:00","date_gmt":"2020-02-02T18:11:00","guid":{"rendered":"http:\/\/petitmagellan.com\/?p=2406"},"modified":"2020-02-02T19:11:00","modified_gmt":"2020-02-02T18:11:00","slug":"elle-est-la","status":"publish","type":"post","link":"https:\/\/petitmagellan.com\/?p=2406","title":{"rendered":"Elle est l\u00e0"},"content":{"rendered":"\n<p>La dent !!!<\/p>\n\n\n\n<p>C\u2019est contre toute attente une petite incisive du bas qui fait son apparition &#8211; rien \u00e0 voir avec le point blanc que j\u2019avais remarqu\u00e9 sur sa gencive sup\u00e9rieure et qui est toujours l\u00e0 (myst\u00e8re).<\/p>\n\n\n\n<figure class=\"wp-block-gallery aligncenter columns-1 is-cropped wp-block-gallery-1 is-layout-flex wp-block-gallery-is-layout-flex\"><ul class=\"blocks-gallery-grid\"><li class=\"blocks-gallery-item\"><figure><img loading=\"lazy\" decoding=\"async\" width=\"1934\" height=\"2312\" src=\"https:\/\/petitmagellan.files.wordpress.com\/2020\/02\/img_5955-3.jpg\" alt=\"\" data-id=\"2809\" data-link=\"https:\/\/petitmagellan.com\/img_5955-3\/\" class=\"wp-image-2809\" srcset=\"https:\/\/petitmagellan.com\/wp-content\/uploads\/2020\/02\/img_5955-3.jpg 1934w, https:\/\/petitmagellan.com\/wp-content\/uploads\/2020\/02\/img_5955-3-251x300.jpg 251w, https:\/\/petitmagellan.com\/wp-content\/uploads\/2020\/02\/img_5955-3-857x1024.jpg 857w, https:\/\/petitmagellan.com\/wp-content\/uploads\/2020\/02\/img_5955-3-768x918.jpg 768w, https:\/\/petitmagellan.com\/wp-content\/uploads\/2020\/02\/img_5955-3-1285x1536.jpg 1285w, https:\/\/petitmagellan.com\/wp-content\/uploads\/2020\/02\/img_5955-3-1713x2048.jpg 1713w\" sizes=\"auto, (max-width: 709px) 85vw, (max-width: 909px) 67vw, (max-width: 1362px) 62vw, 840px\" \/><\/figure><\/li><\/ul><\/figure>\n\n\n\n<p>Dois-je pr\u00e9ciser combien il est difficile de prendre une photo (exploitable) de la dent d\u2019un b\u00e9b\u00e9 ? Eh bien c&rsquo;est tr\u00e8s difficile, mais c&rsquo;\u00e9tait sans compter sur ma pers\u00e9v\u00e9rance haha  \ud83d\ude42<\/p>\n","protected":false},"excerpt":{"rendered":"<p>La dent !!! C\u2019est contre toute attente une petite incisive du bas qui fait son apparition &#8211; rien \u00e0 voir avec le point blanc que j\u2019avais remarqu\u00e9 sur sa gencive sup\u00e9rieure et qui est toujours l\u00e0 (myst\u00e8re). Dois-je pr\u00e9ciser combien il est difficile de prendre une photo (exploitable) de la dent d\u2019un b\u00e9b\u00e9 ? Eh &hellip; <a href=\"https:\/\/petitmagellan.com\/?p=2406\" class=\"more-link\">Continuer la lecture<span class=\"screen-reader-text\"> de &laquo;&nbsp;Elle est l\u00e0&nbsp;&raquo;<\/span><\/a><\/p>\n","protected":false},"author":1,"featured_media":0,"comment_status":"open","ping_status":"open","sticky":false,"template":"","format":"standard","meta":{"footnotes":""},"categories":[2],"tags":[],"class_list":["post-2406","post","type-post","status-publish","format-standard","hentry","category-non-classe"],"_links":{"self":[{"href":"https:\/\/petitmagellan.com\/index.php?rest_route=\/wp\/v2\/posts\/2406","targetHints":{"allow":["GET"]}}],"collection":[{"href":"https:\/\/petitmagellan.com\/index.php?rest_route=\/wp\/v2\/posts"}],"about":[{"href":"https:\/\/petitmagellan.com\/index.php?rest_route=\/wp\/v2\/types\/post"}],"author":[{"embeddable":true,"href":"https:\/\/petitmagellan.com\/index.php?rest_route=\/wp\/v2\/users\/1"}],"replies":[{"embeddable":true,"href":"https:\/\/petitmagellan.com\/index.php?rest_route=%2Fwp%2Fv2%2Fcomments&post=2406"}],"version-history":[{"count":0,"href":"https:\/\/petitmagellan.com\/index.php?rest_route=\/wp\/v2\/posts\/2406\/revisions"}],"wp:attachment":[{"href":"https:\/\/petitmagellan.com\/index.php?rest_route=%2Fwp%2Fv2%2Fmedia&parent=2406"}],"wp:term":[{"taxonomy":"category","embeddable":true,"href":"https:\/\/petitmagellan.com\/index.php?rest_route=%2Fwp%2Fv2%2Fcategories&post=2406"},{"taxonomy":"post_tag","embeddable":true,"href":"https:\/\/petitmagellan.com\/index.php?rest_route=%2Fwp%2Fv2%2Ftags&post=2406"}],"curies":[{"name":"wp","href":"https:\/\/api.w.org\/{rel}","templated":true}]}}