{"id":22,"date":"2019-05-14T18:41:32","date_gmt":"2019-05-14T17:41:32","guid":{"rendered":"http:\/\/petitmagellan.com\/?p=22"},"modified":"2019-05-14T18:41:32","modified_gmt":"2019-05-14T17:41:32","slug":"hugo-est-ne","status":"publish","type":"post","link":"https:\/\/petitmagellan.com\/?p=22","title":{"rendered":"Hugo est n\u00e9"},"content":{"rendered":"<p style=\"text-align:left;\">Il y a une semaine, mardi 7 mai 2019 \u00e0 12h28, notre Hugo est n\u00e9. Beaucoup de petits cheveux, 50 cm et 3,120 kg d&rsquo;amour &lt;3<\/p>\n\n\n<div class=\"wp-block-image\"><figure class=\"aligncenter is-resized\"><img loading=\"lazy\" decoding=\"async\" src=\"https:\/\/petitmagellan.files.wordpress.com\/2019\/05\/img_0459-1.jpg\" alt=\"\" class=\"wp-image-88\" width=\"508\" height=\"676\" \/><\/figure><\/div>\n\n\n\n<div class=\"wp-block-image\"><figure class=\"aligncenter is-resized\"><img loading=\"lazy\" decoding=\"async\" src=\"https:\/\/petitmagellan.files.wordpress.com\/2019\/05\/img_0502.jpg\" alt=\"\" class=\"wp-image-30\" width=\"507\" height=\"675\" \/><\/figure><\/div>\n\n\n\n<div class=\"wp-block-image\"><figure class=\"aligncenter is-resized\"><img loading=\"lazy\" decoding=\"async\" src=\"https:\/\/petitmagellan.files.wordpress.com\/2019\/05\/img_0561-2.jpg\" alt=\"\" class=\"wp-image-76\" width=\"507\" height=\"675\" \/><\/figure><\/div>\n\n\n\n<div class=\"wp-block-image\"><figure class=\"aligncenter is-resized\"><img loading=\"lazy\" decoding=\"async\" src=\"https:\/\/petitmagellan.files.wordpress.com\/2019\/05\/img_0593.jpg\" alt=\"\" class=\"wp-image-75\" width=\"508\" height=\"676\" \/><\/figure><\/div>\n\n\n\n<div class=\"wp-block-image\"><figure class=\"aligncenter is-resized\"><img loading=\"lazy\" decoding=\"async\" src=\"https:\/\/petitmagellan.files.wordpress.com\/2019\/05\/img_0476-1.jpg\" alt=\"\" class=\"wp-image-73\" width=\"507\" height=\"675\" \/><\/figure><\/div>\n\n\n<p>Je n&rsquo;aurais pas pu imaginer plus bel accouchement et notre s\u00e9jour \u00e0 la maternit\u00e9 Saint Joseph Saint Luc a \u00e9t\u00e9 parfait du d\u00e9but \u00e0 la fin. La gentillesse, la douceur et la disponibilit\u00e9 du personnel y ont \u00e9t\u00e9 pour beaucoup. J&rsquo;en garderai pour toujours un magnifique souvenir.<\/p>\n\n\n<div class=\"wp-block-image\"><figure class=\"aligncenter is-resized\"><img loading=\"lazy\" decoding=\"async\" src=\"https:\/\/petitmagellan.files.wordpress.com\/2019\/05\/img_0564.jpg\" alt=\"\" class=\"wp-image-31\" width=\"519\" height=\"389\" \/><\/figure><\/div>\n","protected":false},"excerpt":{"rendered":"<p>Il y a une semaine, mardi 7 mai 2019 \u00e0 12h28, notre Hugo est n\u00e9. Beaucoup de petits cheveux, 50 cm et 3,120 kg d&rsquo;amour &lt;3 Je n&rsquo;aurais pas pu imaginer plus bel accouchement et notre s\u00e9jour \u00e0 la maternit\u00e9 Saint Joseph Saint Luc a \u00e9t\u00e9 parfait du d\u00e9but \u00e0 la fin. La gentillesse, la &hellip; <a href=\"https:\/\/petitmagellan.com\/?p=22\" class=\"more-link\">Continuer la lecture<span class=\"screen-reader-text\"> de &laquo;&nbsp;Hugo est n\u00e9&nbsp;&raquo;<\/span><\/a><\/p>\n","protected":false},"author":1,"featured_media":0,"comment_status":"open","ping_status":"open","sticky":false,"template":"","format":"standard","meta":{"footnotes":""},"categories":[2],"tags":[],"class_list":["post-22","post","type-post","status-publish","format-standard","hentry","category-non-classe"],"_links":{"self":[{"href":"https:\/\/petitmagellan.com\/index.php?rest_route=\/wp\/v2\/posts\/22","targetHints":{"allow":["GET"]}}],"collection":[{"href":"https:\/\/petitmagellan.com\/index.php?rest_route=\/wp\/v2\/posts"}],"about":[{"href":"https:\/\/petitmagellan.com\/index.php?rest_route=\/wp\/v2\/types\/post"}],"author":[{"embeddable":true,"href":"https:\/\/petitmagellan.com\/index.php?rest_route=\/wp\/v2\/users\/1"}],"replies":[{"embeddable":true,"href":"https:\/\/petitmagellan.com\/index.php?rest_route=%2Fwp%2Fv2%2Fcomments&post=22"}],"version-history":[{"count":0,"href":"https:\/\/petitmagellan.com\/index.php?rest_route=\/wp\/v2\/posts\/22\/revisions"}],"wp:attachment":[{"href":"https:\/\/petitmagellan.com\/index.php?rest_route=%2Fwp%2Fv2%2Fmedia&parent=22"}],"wp:term":[{"taxonomy":"category","embeddable":true,"href":"https:\/\/petitmagellan.com\/index.php?rest_route=%2Fwp%2Fv2%2Fcategories&post=22"},{"taxonomy":"post_tag","embeddable":true,"href":"https:\/\/petitmagellan.com\/index.php?rest_route=%2Fwp%2Fv2%2Ftags&post=22"}],"curies":[{"name":"wp","href":"https:\/\/api.w.org\/{rel}","templated":true}]}}