{"id":2178,"date":"2020-01-07T19:26:00","date_gmt":"2020-01-07T18:26:00","guid":{"rendered":"http:\/\/petitmagellan.com\/?p=2178"},"modified":"2020-01-07T19:26:00","modified_gmt":"2020-01-07T18:26:00","slug":"hugo-a-8-mois","status":"publish","type":"post","link":"https:\/\/petitmagellan.com\/?p=2178","title":{"rendered":"Hugo a 8 mois"},"content":{"rendered":"\n<figure class=\"wp-block-gallery aligncenter columns-1 is-cropped wp-block-gallery-1 is-layout-flex wp-block-gallery-is-layout-flex\"><ul class=\"blocks-gallery-grid\"><li class=\"blocks-gallery-item\"><figure><img decoding=\"async\" src=\"https:\/\/petitmagellan.files.wordpress.com\/2020\/01\/dsc00426-2.jpg?w=1024\" alt=\"\" data-id=\"2377\" data-link=\"https:\/\/petitmagellan.com\/dsc00426-2\/\" class=\"wp-image-2377\" \/><\/figure><\/li><\/ul><\/figure>\n\n\n\n<p>Ces derni\u00e8res semaines, Hugo est pass\u00e9 \u00e0 la vitesse sup\u00e9rieure !!<\/p>\n\n\n\n<figure class=\"wp-block-gallery aligncenter columns-1 is-cropped wp-block-gallery-2 is-layout-flex wp-block-gallery-is-layout-flex\"><ul class=\"blocks-gallery-grid\"><li class=\"blocks-gallery-item\"><figure><img decoding=\"async\" src=\"https:\/\/petitmagellan.files.wordpress.com\/2020\/01\/img_5292-1.jpg?w=847\" alt=\"\" data-id=\"2366\" class=\"wp-image-2366\" \/><\/figure><\/li><\/ul><\/figure>\n\n\n\n<p>Il va d\u00e9sormais o\u00f9 bon lui semble en faisant ses petits bonds en avant (je pense que le quatre pattes ne va vraiment pas tarder), garde l&rsquo;\u00e9quilibre plusieurs secondes en position assise, appuie bien sur ses pieds quand on le met debout et commence \u00e0 s&rsquo;agripper d&rsquo;une main aux meubles en essayant de se soulever&#8230;<br>Il essaie aussi de s&rsquo;asseoir tout seul mais il finit en g\u00e9n\u00e9ral par abandonner ou par tomber en arri\u00e8re (a\u00efe la t\u00eate).<\/p>\n\n\n\n<figure class=\"wp-block-gallery aligncenter columns-2 is-cropped wp-block-gallery-3 is-layout-flex wp-block-gallery-is-layout-flex\"><ul class=\"blocks-gallery-grid\"><li class=\"blocks-gallery-item\"><figure><img decoding=\"async\" src=\"https:\/\/petitmagellan.files.wordpress.com\/2020\/01\/img_5307-1.jpg?w=669\" alt=\"\" data-id=\"2365\" class=\"wp-image-2365\" \/><\/figure><\/li><li class=\"blocks-gallery-item\"><figure><img loading=\"lazy\" decoding=\"async\" width=\"1720\" height=\"2019\" src=\"https:\/\/petitmagellan.files.wordpress.com\/2020\/01\/img_5201.jpg?w=840\" alt=\"\" data-id=\"2384\" class=\"wp-image-2384\" srcset=\"https:\/\/petitmagellan.com\/wp-content\/uploads\/2020\/01\/img_5201.jpg 1720w, https:\/\/petitmagellan.com\/wp-content\/uploads\/2020\/01\/img_5201-256x300.jpg 256w, https:\/\/petitmagellan.com\/wp-content\/uploads\/2020\/01\/img_5201-872x1024.jpg 872w, https:\/\/petitmagellan.com\/wp-content\/uploads\/2020\/01\/img_5201-768x902.jpg 768w, https:\/\/petitmagellan.com\/wp-content\/uploads\/2020\/01\/img_5201-1309x1536.jpg 1309w\" sizes=\"auto, (max-width: 709px) 85vw, (max-width: 909px) 67vw, (max-width: 1362px) 62vw, 840px\" \/><\/figure><\/li><\/ul><\/figure>\n\n\n\n<p>Sinon, il nous montre beaucoup sa langue mais toujours aucune dent. Enfin, je ne sais pas. Il y a ce tout petit point blanc un peu dur au toucher sur sa gencive sup\u00e9rieure mais il est l\u00e0 depuis plus d&rsquo;un mois, donc soit cette dent descend tr\u00e8s tr\u00e8s lentement, soit \u00e7a n&rsquo;en est pas une. On devrait bient\u00f4t avoir la r\u00e9ponse !<\/p>\n\n\n\n<figure class=\"wp-block-gallery aligncenter columns-1 is-cropped wp-block-gallery-4 is-layout-flex wp-block-gallery-is-layout-flex\"><ul class=\"blocks-gallery-grid\"><li class=\"blocks-gallery-item\"><figure><img decoding=\"async\" src=\"https:\/\/petitmagellan.files.wordpress.com\/2020\/01\/img_5248-1.jpg?w=864\" alt=\"\" data-id=\"2382\" class=\"wp-image-2382\" \/><\/figure><\/li><\/ul><\/figure>\n\n\n\n<p>Pour le reste, rien n&rsquo;a chang\u00e9 : Hugo est toujours aussi observateur (les b\u00e9b\u00e9s que je vois en poussette dorment, sauf lui) et souriant, et on a d&rsquo;ailleurs de plus en plus droit \u00e0 de longues sessions de rires. Alex y est pour beaucoup mais, parfois, c&rsquo;est tr\u00e8s inattendu : l&rsquo;autre jour j&rsquo;ai ouvert une porte de placard et il s&rsquo;est mis \u00e0 rigoler&#8230; \ud83d\ude42<\/p>\n\n\n\n<figure class=\"wp-block-gallery aligncenter columns-2 is-cropped wp-block-gallery-5 is-layout-flex wp-block-gallery-is-layout-flex\"><ul class=\"blocks-gallery-grid\"><li class=\"blocks-gallery-item\"><figure><img decoding=\"async\" src=\"https:\/\/petitmagellan.files.wordpress.com\/2020\/01\/img_4894.jpg?w=798\" alt=\"\" data-id=\"2387\" class=\"wp-image-2387\" \/><\/figure><\/li><li class=\"blocks-gallery-item\"><figure><img decoding=\"async\" src=\"https:\/\/petitmagellan.files.wordpress.com\/2020\/01\/img_5262.jpg?w=740\" alt=\"\" data-id=\"2319\" class=\"wp-image-2319\" \/><\/figure><\/li><li class=\"blocks-gallery-item\"><figure><img decoding=\"async\" src=\"https:\/\/petitmagellan.files.wordpress.com\/2020\/01\/img_4690.jpg?w=698\" alt=\"\" data-id=\"2400\" class=\"wp-image-2400\" \/><\/figure><\/li><li class=\"blocks-gallery-item\"><figure><img loading=\"lazy\" decoding=\"async\" width=\"1452\" height=\"2430\" src=\"https:\/\/petitmagellan.files.wordpress.com\/2020\/01\/img_5334-1.jpg?w=612\" alt=\"\" data-id=\"2379\" class=\"wp-image-2379\" srcset=\"https:\/\/petitmagellan.com\/wp-content\/uploads\/2020\/01\/img_5334-1.jpg 1452w, https:\/\/petitmagellan.com\/wp-content\/uploads\/2020\/01\/img_5334-1-179x300.jpg 179w, https:\/\/petitmagellan.com\/wp-content\/uploads\/2020\/01\/img_5334-1-612x1024.jpg 612w, https:\/\/petitmagellan.com\/wp-content\/uploads\/2020\/01\/img_5334-1-768x1285.jpg 768w, https:\/\/petitmagellan.com\/wp-content\/uploads\/2020\/01\/img_5334-1-918x1536.jpg 918w, https:\/\/petitmagellan.com\/wp-content\/uploads\/2020\/01\/img_5334-1-1224x2048.jpg 1224w\" sizes=\"auto, (max-width: 709px) 85vw, (max-width: 909px) 67vw, (max-width: 1362px) 62vw, 840px\" \/><\/figure><\/li><\/ul><\/figure>\n\n\n\n<p>Joyeux 8 mois Hugo !<\/p>\n\n\n\n<figure class=\"wp-block-gallery aligncenter columns-1 is-cropped wp-block-gallery-6 is-layout-flex wp-block-gallery-is-layout-flex\"><ul class=\"blocks-gallery-grid\"><li class=\"blocks-gallery-item\"><figure><img decoding=\"async\" src=\"https:\/\/petitmagellan.files.wordpress.com\/2020\/01\/img_0382.jpg?w=849\" alt=\"\" data-id=\"2386\" class=\"wp-image-2386\" \/><\/figure><\/li><\/ul><\/figure>\n","protected":false},"excerpt":{"rendered":"<p>Ces derni\u00e8res semaines, Hugo est pass\u00e9 \u00e0 la vitesse sup\u00e9rieure !! Il va d\u00e9sormais o\u00f9 bon lui semble en faisant ses petits bonds en avant (je pense que le quatre pattes ne va vraiment pas tarder), garde l&rsquo;\u00e9quilibre plusieurs secondes en position assise, appuie bien sur ses pieds quand on le met debout et commence &hellip; <a href=\"https:\/\/petitmagellan.com\/?p=2178\" class=\"more-link\">Continuer la lecture<span class=\"screen-reader-text\"> de &laquo;&nbsp;Hugo a 8 mois&nbsp;&raquo;<\/span><\/a><\/p>\n","protected":false},"author":1,"featured_media":0,"comment_status":"open","ping_status":"open","sticky":false,"template":"","format":"standard","meta":{"footnotes":""},"categories":[2],"tags":[],"class_list":["post-2178","post","type-post","status-publish","format-standard","hentry","category-non-classe"],"_links":{"self":[{"href":"https:\/\/petitmagellan.com\/index.php?rest_route=\/wp\/v2\/posts\/2178","targetHints":{"allow":["GET"]}}],"collection":[{"href":"https:\/\/petitmagellan.com\/index.php?rest_route=\/wp\/v2\/posts"}],"about":[{"href":"https:\/\/petitmagellan.com\/index.php?rest_route=\/wp\/v2\/types\/post"}],"author":[{"embeddable":true,"href":"https:\/\/petitmagellan.com\/index.php?rest_route=\/wp\/v2\/users\/1"}],"replies":[{"embeddable":true,"href":"https:\/\/petitmagellan.com\/index.php?rest_route=%2Fwp%2Fv2%2Fcomments&post=2178"}],"version-history":[{"count":0,"href":"https:\/\/petitmagellan.com\/index.php?rest_route=\/wp\/v2\/posts\/2178\/revisions"}],"wp:attachment":[{"href":"https:\/\/petitmagellan.com\/index.php?rest_route=%2Fwp%2Fv2%2Fmedia&parent=2178"}],"wp:term":[{"taxonomy":"category","embeddable":true,"href":"https:\/\/petitmagellan.com\/index.php?rest_route=%2Fwp%2Fv2%2Fcategories&post=2178"},{"taxonomy":"post_tag","embeddable":true,"href":"https:\/\/petitmagellan.com\/index.php?rest_route=%2Fwp%2Fv2%2Ftags&post=2178"}],"curies":[{"name":"wp","href":"https:\/\/api.w.org\/{rel}","templated":true}]}}