{"id":1978,"date":"2019-12-09T19:24:36","date_gmt":"2019-12-09T18:24:36","guid":{"rendered":"http:\/\/petitmagellan.com\/?p=1978"},"modified":"2019-12-09T19:24:36","modified_gmt":"2019-12-09T18:24:36","slug":"fete-des-lumieres-2019","status":"publish","type":"post","link":"https:\/\/petitmagellan.com\/?p=1978","title":{"rendered":"F\u00eate des Lumi\u00e8res 2019"},"content":{"rendered":"\n<p>Pendant que notre Hugo dormait au chaud dans sa poussette, les lumi\u00e8res ont brill\u00e9 \u00e0 Lyon ces derniers jours.<\/p>\n\n\n\n<p>Au parc<\/p>\n\n\n\n<figure class=\"wp-block-gallery aligncenter columns-2 is-cropped wp-block-gallery-1 is-layout-flex wp-block-gallery-is-layout-flex\"><ul class=\"blocks-gallery-grid\"><li class=\"blocks-gallery-item\"><figure><img decoding=\"async\" src=\"https:\/\/petitmagellan.files.wordpress.com\/2020\/01\/img_4552.jpg?w=889\" alt=\"\" data-id=\"2643\" data-link=\"https:\/\/petitmagellan.com\/img_4552-2\/\" class=\"wp-image-2643\" \/><\/figure><\/li><li class=\"blocks-gallery-item\"><figure><img decoding=\"async\" src=\"https:\/\/petitmagellan.files.wordpress.com\/2020\/01\/img_4555.jpg?w=892\" alt=\"\" data-id=\"2644\" data-link=\"https:\/\/petitmagellan.com\/img_4555-2\/\" class=\"wp-image-2644\" \/><\/figure><\/li><\/ul><\/figure>\n\n\n\n<p>Place Bellecour<\/p>\n\n\n\n<figure class=\"wp-block-gallery aligncenter columns-1 is-cropped wp-block-gallery-2 is-layout-flex wp-block-gallery-is-layout-flex\"><ul class=\"blocks-gallery-grid\"><li class=\"blocks-gallery-item\"><figure><img decoding=\"async\" src=\"https:\/\/petitmagellan.files.wordpress.com\/2020\/01\/img_4604.jpg?w=1024\" alt=\"\" data-id=\"2632\" class=\"wp-image-2632\" \/><\/figure><\/li><\/ul><\/figure>\n\n\n\n<figure class=\"wp-block-gallery aligncenter columns-1 is-cropped wp-block-gallery-3 is-layout-flex wp-block-gallery-is-layout-flex\"><ul class=\"blocks-gallery-grid\"><li class=\"blocks-gallery-item\"><figure><img decoding=\"async\" src=\"https:\/\/petitmagellan.files.wordpress.com\/2020\/01\/img_4606.jpg?w=1024\" alt=\"\" data-id=\"2633\" class=\"wp-image-2633\" \/><\/figure><\/li><\/ul><\/figure>\n\n\n\n<figure class=\"wp-block-gallery aligncenter columns-1 is-cropped wp-block-gallery-4 is-layout-flex wp-block-gallery-is-layout-flex\"><ul class=\"blocks-gallery-grid\"><li class=\"blocks-gallery-item\"><figure><img decoding=\"async\" src=\"https:\/\/petitmagellan.files.wordpress.com\/2020\/01\/img_4607.jpg?w=1024\" alt=\"\" data-id=\"2634\" class=\"wp-image-2634\" \/><\/figure><\/li><\/ul><\/figure>\n\n\n\n<p>Face \u00e0 la colline de Fourvi\u00e8re<\/p>\n\n\n\n<figure class=\"wp-block-gallery aligncenter columns-1 is-cropped wp-block-gallery-5 is-layout-flex wp-block-gallery-is-layout-flex\"><ul class=\"blocks-gallery-grid\"><li class=\"blocks-gallery-item\"><figure><img decoding=\"async\" src=\"https:\/\/petitmagellan.files.wordpress.com\/2020\/01\/img_4618.jpg?w=1024\" alt=\"\" data-id=\"2631\" class=\"wp-image-2631\" \/><\/figure><\/li><\/ul><\/figure>\n\n\n\n<p>Place Louis Pradel<\/p>\n\n\n\n<figure class=\"wp-block-gallery columns-2 is-cropped wp-block-gallery-6 is-layout-flex wp-block-gallery-is-layout-flex\"><ul class=\"blocks-gallery-grid\"><li class=\"blocks-gallery-item\"><figure><img decoding=\"async\" src=\"https:\/\/petitmagellan.files.wordpress.com\/2020\/01\/img_4639.jpg?w=1024\" alt=\"\" data-id=\"2624\" data-link=\"https:\/\/petitmagellan.com\/img_4639\/\" class=\"wp-image-2624\" \/><\/figure><\/li><li class=\"blocks-gallery-item\"><figure><img decoding=\"async\" src=\"https:\/\/petitmagellan.files.wordpress.com\/2020\/01\/img_4640.jpg?w=1024\" alt=\"\" data-id=\"2625\" data-link=\"https:\/\/petitmagellan.com\/img_4640\/\" class=\"wp-image-2625\" \/><\/figure><\/li><\/ul><\/figure>\n\n\n\n<p>Place des Terreaux<\/p>\n\n\n\n<figure class=\"wp-block-gallery aligncenter columns-2 is-cropped wp-block-gallery-7 is-layout-flex wp-block-gallery-is-layout-flex\"><ul class=\"blocks-gallery-grid\"><li class=\"blocks-gallery-item\"><figure><img decoding=\"async\" src=\"https:\/\/petitmagellan.files.wordpress.com\/2020\/01\/img_4643.jpg?w=840\" alt=\"\" data-id=\"2626\" class=\"wp-image-2626\" \/><\/figure><\/li><li class=\"blocks-gallery-item\"><figure><img decoding=\"async\" src=\"https:\/\/petitmagellan.files.wordpress.com\/2020\/01\/img_4649.jpg?w=840\" alt=\"\" data-id=\"2627\" class=\"wp-image-2627\" \/><\/figure><\/li><li class=\"blocks-gallery-item\"><figure><img decoding=\"async\" src=\"https:\/\/petitmagellan.files.wordpress.com\/2020\/01\/img_4652.jpg?w=840\" alt=\"\" data-id=\"2628\" class=\"wp-image-2628\" \/><\/figure><\/li><li class=\"blocks-gallery-item\"><figure><img decoding=\"async\" src=\"https:\/\/petitmagellan.files.wordpress.com\/2020\/01\/img_4653.jpg?w=840\" alt=\"\" data-id=\"2638\" class=\"wp-image-2638\" \/><\/figure><\/li><\/ul><\/figure>\n\n\n\n<p>C&rsquo;\u00e9tait magnifique !<\/p>\n","protected":false},"excerpt":{"rendered":"<p>Pendant que notre Hugo dormait au chaud dans sa poussette, les lumi\u00e8res ont brill\u00e9 \u00e0 Lyon ces derniers jours. Au parc Place Bellecour Face \u00e0 la colline de Fourvi\u00e8re Place Louis Pradel Place des Terreaux C&rsquo;\u00e9tait magnifique !<\/p>\n","protected":false},"author":1,"featured_media":0,"comment_status":"open","ping_status":"open","sticky":false,"template":"","format":"standard","meta":{"footnotes":""},"categories":[2],"tags":[],"class_list":["post-1978","post","type-post","status-publish","format-standard","hentry","category-non-classe"],"_links":{"self":[{"href":"https:\/\/petitmagellan.com\/index.php?rest_route=\/wp\/v2\/posts\/1978","targetHints":{"allow":["GET"]}}],"collection":[{"href":"https:\/\/petitmagellan.com\/index.php?rest_route=\/wp\/v2\/posts"}],"about":[{"href":"https:\/\/petitmagellan.com\/index.php?rest_route=\/wp\/v2\/types\/post"}],"author":[{"embeddable":true,"href":"https:\/\/petitmagellan.com\/index.php?rest_route=\/wp\/v2\/users\/1"}],"replies":[{"embeddable":true,"href":"https:\/\/petitmagellan.com\/index.php?rest_route=%2Fwp%2Fv2%2Fcomments&post=1978"}],"version-history":[{"count":0,"href":"https:\/\/petitmagellan.com\/index.php?rest_route=\/wp\/v2\/posts\/1978\/revisions"}],"wp:attachment":[{"href":"https:\/\/petitmagellan.com\/index.php?rest_route=%2Fwp%2Fv2%2Fmedia&parent=1978"}],"wp:term":[{"taxonomy":"category","embeddable":true,"href":"https:\/\/petitmagellan.com\/index.php?rest_route=%2Fwp%2Fv2%2Fcategories&post=1978"},{"taxonomy":"post_tag","embeddable":true,"href":"https:\/\/petitmagellan.com\/index.php?rest_route=%2Fwp%2Fv2%2Ftags&post=1978"}],"curies":[{"name":"wp","href":"https:\/\/api.w.org\/{rel}","templated":true}]}}