{"id":1929,"date":"2019-12-07T15:23:53","date_gmt":"2019-12-07T14:23:53","guid":{"rendered":"http:\/\/petitmagellan.com\/?p=1929"},"modified":"2019-12-07T15:23:53","modified_gmt":"2019-12-07T14:23:53","slug":"hugo-a-7-mois","status":"publish","type":"post","link":"https:\/\/petitmagellan.com\/?p=1929","title":{"rendered":"Hugo a 7 mois"},"content":{"rendered":"\n<figure class=\"wp-block-gallery aligncenter columns-1 is-cropped wp-block-gallery-1 is-layout-flex wp-block-gallery-is-layout-flex\"><ul class=\"blocks-gallery-grid\"><li class=\"blocks-gallery-item\"><figure><img decoding=\"async\" src=\"https:\/\/petitmagellan.files.wordpress.com\/2019\/12\/dsc00355-1.jpg?w=976\" alt=\"\" data-id=\"2055\" data-link=\"https:\/\/petitmagellan.com\/dsc00355-1\/\" class=\"wp-image-2055\" \/><\/figure><\/li><\/ul><\/figure>\n\n\n\n<p>Hugo est de plus en plus bavard : beaucoup de \u00ab\u00a0bababa\u00a0\u00bb, \u00ab\u00a0mamama\u00a0\u00bb et \u00ab\u00a0awawa\u00a0\u00bb en fond sonore tout au long de la journ\u00e9e \ud83d\ude42 <br>Parfois, il met son poing dans la bouche en m\u00eame temps et \u00e7a donne l&rsquo;impression qu&rsquo;il parle vraiment !<\/p>\n\n\n\n<figure class=\"wp-block-gallery aligncenter columns-1 is-cropped wp-block-gallery-2 is-layout-flex wp-block-gallery-is-layout-flex\"><ul class=\"blocks-gallery-grid\"><li class=\"blocks-gallery-item\"><figure><img decoding=\"async\" src=\"https:\/\/petitmagellan.files.wordpress.com\/2019\/12\/img_4285.jpg?w=768\" alt=\"\" data-id=\"2015\" data-link=\"https:\/\/petitmagellan.com\/img_4285\/\" class=\"wp-image-2015\" \/><\/figure><\/li><\/ul><\/figure>\n\n\n\n<p>Niveau motricit\u00e9, il ne montre toujours aucun int\u00e9r\u00eat pour la position assise. Ici, je l&rsquo;ai install\u00e9 quelques secondes sur le fauteuil dans sa chambre et il s&rsquo;est vite remis \u00e0 l&rsquo;horizontale :<\/p>\n\n\n\n<figure class=\"wp-block-gallery columns-2 is-cropped wp-block-gallery-3 is-layout-flex wp-block-gallery-is-layout-flex\"><ul class=\"blocks-gallery-grid\"><li class=\"blocks-gallery-item\"><figure><img decoding=\"async\" src=\"https:\/\/petitmagellan.files.wordpress.com\/2019\/12\/img_4262-1.jpg?w=728\" alt=\"\" data-id=\"1960\" data-link=\"https:\/\/petitmagellan.com\/img_4262-1\/\" class=\"wp-image-1960\" \/><\/figure><\/li><li class=\"blocks-gallery-item\"><figure><img decoding=\"async\" src=\"https:\/\/petitmagellan.files.wordpress.com\/2019\/12\/img_4265.jpg?w=768\" alt=\"\" data-id=\"1959\" data-link=\"https:\/\/petitmagellan.com\/img_4265\/\" class=\"wp-image-1959\" \/><\/figure><\/li><\/ul><\/figure>\n\n\n\n<p>Chaque b\u00e9b\u00e9 a son propre rythme alors&#8230; on te laisse tranquille Hugo \ud83d\ude42<\/p>\n\n\n\n<figure class=\"wp-block-gallery aligncenter columns-1 is-cropped wp-block-gallery-4 is-layout-flex wp-block-gallery-is-layout-flex\"><ul class=\"blocks-gallery-grid\"><li class=\"blocks-gallery-item\"><figure><img loading=\"lazy\" decoding=\"async\" width=\"1990\" height=\"2276\" src=\"https:\/\/petitmagellan.files.wordpress.com\/2019\/12\/img_0213-version-2.jpeg?w=895\" alt=\"\" data-id=\"1939\" data-link=\"https:\/\/petitmagellan.com\/img_0213-version-2\/\" class=\"wp-image-1939\" srcset=\"https:\/\/petitmagellan.com\/wp-content\/uploads\/2019\/12\/img_0213-version-2.jpeg 1990w, https:\/\/petitmagellan.com\/wp-content\/uploads\/2019\/12\/img_0213-version-2-262x300.jpeg 262w, https:\/\/petitmagellan.com\/wp-content\/uploads\/2019\/12\/img_0213-version-2-895x1024.jpeg 895w, https:\/\/petitmagellan.com\/wp-content\/uploads\/2019\/12\/img_0213-version-2-768x878.jpeg 768w, https:\/\/petitmagellan.com\/wp-content\/uploads\/2019\/12\/img_0213-version-2-1343x1536.jpeg 1343w, https:\/\/petitmagellan.com\/wp-content\/uploads\/2019\/12\/img_0213-version-2-1791x2048.jpeg 1791w\" sizes=\"auto, (max-width: 709px) 85vw, (max-width: 909px) 67vw, (max-width: 1362px) 62vw, 840px\" \/><\/figure><\/li><\/ul><\/figure>\n\n\n\n<p>Cette semaine, j&rsquo;ai aussi commenc\u00e9 \u00e0 introduire de la viande dans ses repas et il n&rsquo;a eu aucune r\u00e9action particuli\u00e8re. Je ne suis m\u00eame pas s\u00fbre qu&rsquo;il ait senti de diff\u00e9rence. En revanche, il mangerait bien tout ce qui est non comestible, comme son flacon de vitamines par exemple&#8230; (Je pr\u00e9cise que le flacon en question a aussit\u00f4t \u00e9t\u00e9 retir\u00e9 de sa bouche.)<\/p>\n\n\n\n<figure class=\"wp-block-gallery columns-2 is-cropped wp-block-gallery-5 is-layout-flex wp-block-gallery-is-layout-flex\"><ul class=\"blocks-gallery-grid\"><li class=\"blocks-gallery-item\"><figure><img decoding=\"async\" src=\"https:\/\/petitmagellan.files.wordpress.com\/2019\/12\/img_4503.jpg?w=768\" alt=\"\" data-id=\"2019\" data-link=\"https:\/\/petitmagellan.com\/img_4503\/\" class=\"wp-image-2019\" \/><\/figure><\/li><li class=\"blocks-gallery-item\"><figure><img decoding=\"async\" src=\"https:\/\/petitmagellan.files.wordpress.com\/2019\/12\/img_4505.jpg?w=768\" alt=\"\" data-id=\"2020\" data-link=\"https:\/\/petitmagellan.com\/img_4505\/\" class=\"wp-image-2020\" \/><\/figure><\/li><\/ul><\/figure>\n\n\n\n<p>Les sorties, en dehors des heures de repas, se passent toujours bien et Hugo adore \u00eatre promen\u00e9 en poussette. Il r\u00e2le toujours un peu au moment o\u00f9 je l&rsquo;habille, surtout lorsqu&rsquo;il faut lui couvrir la t\u00eate, mais une fois dehors il ne dit plus rien.<\/p>\n\n\n\n<figure class=\"wp-block-gallery aligncenter columns-2 is-cropped wp-block-gallery-6 is-layout-flex wp-block-gallery-is-layout-flex\"><ul class=\"blocks-gallery-grid\"><li class=\"blocks-gallery-item\"><figure><img decoding=\"async\" src=\"https:\/\/petitmagellan.files.wordpress.com\/2019\/12\/img_4159.jpg?w=768\" alt=\"\" data-id=\"2026\" class=\"wp-image-2026\" \/><\/figure><\/li><li class=\"blocks-gallery-item\"><figure><img decoding=\"async\" src=\"https:\/\/petitmagellan.files.wordpress.com\/2019\/12\/img_4367.jpg?w=768\" alt=\"\" data-id=\"2023\" class=\"wp-image-2023\" \/><\/figure><\/li><\/ul><\/figure>\n\n\n\n<figure class=\"wp-block-gallery columns-2 is-cropped wp-block-gallery-7 is-layout-flex wp-block-gallery-is-layout-flex\"><ul class=\"blocks-gallery-grid\"><li class=\"blocks-gallery-item\"><figure><img decoding=\"async\" src=\"https:\/\/petitmagellan.files.wordpress.com\/2019\/12\/img_4317.jpg?w=768\" alt=\"\" data-id=\"2030\" data-link=\"https:\/\/petitmagellan.com\/img_4317\/\" class=\"wp-image-2030\" \/><\/figure><\/li><li class=\"blocks-gallery-item\"><figure><img decoding=\"async\" src=\"https:\/\/petitmagellan.files.wordpress.com\/2019\/12\/img_4322.jpg?w=768\" alt=\"\" data-id=\"2031\" data-link=\"https:\/\/petitmagellan.com\/img_4322\/\" class=\"wp-image-2031\" \/><\/figure><\/li><\/ul><\/figure>\n\n\n\n<p>Comme on peut le voir, il s&rsquo;endort toujours la t\u00e9tine en bouche mais il y a un d\u00e9tail que je n&rsquo;ai jamais mentionn\u00e9 (c&rsquo;est pourtant quelque chose qu&rsquo;il fait depuis qu&rsquo;il est n\u00e9 et qui nous fait craquer) : une fois endormi, il l\u00e2che sa t\u00e9tine au bout de quelques minutes puis se met \u00e0 t\u00e9ter \u00ab\u00a0dans le vide\u00a0\u00bb, parfois tr\u00e8s longtemps, toujours avec son petit bout de langue qui d\u00e9passe \ud83d\ude42 <br>(J&rsquo;ai des vid\u00e9os mais impossible de les charger, il faut que je me penche sur la question.)<\/p>\n\n\n\n<figure class=\"wp-block-gallery columns-2 is-cropped wp-block-gallery-8 is-layout-flex wp-block-gallery-is-layout-flex\"><ul class=\"blocks-gallery-grid\"><li class=\"blocks-gallery-item\"><figure><img decoding=\"async\" src=\"https:\/\/petitmagellan.files.wordpress.com\/2019\/12\/img_4337.jpg?w=768\" alt=\"\" data-id=\"1951\" data-link=\"https:\/\/petitmagellan.com\/img_4337\/\" class=\"wp-image-1951\" \/><\/figure><\/li><li class=\"blocks-gallery-item\"><figure><img decoding=\"async\" src=\"https:\/\/petitmagellan.files.wordpress.com\/2019\/12\/img_4338.jpg?w=768\" alt=\"\" data-id=\"1952\" data-link=\"https:\/\/petitmagellan.com\/img_4338\/\" class=\"wp-image-1952\" \/><\/figure><\/li><\/ul><\/figure>\n\n\n\n<figure class=\"wp-block-gallery columns-2 is-cropped wp-block-gallery-9 is-layout-flex wp-block-gallery-is-layout-flex\"><ul class=\"blocks-gallery-grid\"><li class=\"blocks-gallery-item\"><figure><img loading=\"lazy\" decoding=\"async\" width=\"1955\" height=\"2538\" src=\"https:\/\/petitmagellan.files.wordpress.com\/2019\/12\/img_4357.jpg?w=789\" alt=\"\" data-id=\"1954\" data-link=\"https:\/\/petitmagellan.com\/img_4357\/\" class=\"wp-image-1954\" srcset=\"https:\/\/petitmagellan.com\/wp-content\/uploads\/2019\/12\/img_4357.jpg 1955w, https:\/\/petitmagellan.com\/wp-content\/uploads\/2019\/12\/img_4357-231x300.jpg 231w, https:\/\/petitmagellan.com\/wp-content\/uploads\/2019\/12\/img_4357-789x1024.jpg 789w, https:\/\/petitmagellan.com\/wp-content\/uploads\/2019\/12\/img_4357-768x997.jpg 768w, https:\/\/petitmagellan.com\/wp-content\/uploads\/2019\/12\/img_4357-1183x1536.jpg 1183w, https:\/\/petitmagellan.com\/wp-content\/uploads\/2019\/12\/img_4357-1578x2048.jpg 1578w\" sizes=\"auto, (max-width: 709px) 85vw, (max-width: 909px) 67vw, (max-width: 1362px) 62vw, 840px\" \/><\/figure><\/li><li class=\"blocks-gallery-item\"><figure><img decoding=\"async\" src=\"https:\/\/petitmagellan.files.wordpress.com\/2019\/12\/img_4361.jpg?w=768\" alt=\"\" data-id=\"1955\" data-link=\"https:\/\/petitmagellan.com\/img_4361\/\" class=\"wp-image-1955\" \/><\/figure><\/li><\/ul><\/figure>\n\n\n\n<p>Et, bien s\u00fbr, il est trop petit pour nous faire des bisous mais il a commenc\u00e9 \u00e0 nous gober le bas du visage et c&rsquo;est tout aussi mignon \ud83d\ude42<\/p>\n\n\n\n<figure class=\"wp-block-gallery columns-2 is-cropped wp-block-gallery-10 is-layout-flex wp-block-gallery-is-layout-flex\"><ul class=\"blocks-gallery-grid\"><li class=\"blocks-gallery-item\"><figure><img decoding=\"async\" src=\"https:\/\/petitmagellan.files.wordpress.com\/2019\/12\/img_0205.jpeg?w=767\" alt=\"\" data-id=\"1940\" class=\"wp-image-1940\" \/><\/figure><\/li><li class=\"blocks-gallery-item\"><figure><img loading=\"lazy\" decoding=\"async\" width=\"1226\" height=\"1519\" src=\"https:\/\/petitmagellan.files.wordpress.com\/2019\/12\/img_4425.jpg?w=826\" alt=\"\" data-id=\"2039\" data-link=\"https:\/\/petitmagellan.com\/img_4425\/\" class=\"wp-image-2039\" srcset=\"https:\/\/petitmagellan.com\/wp-content\/uploads\/2019\/12\/img_4425.jpg 1226w, https:\/\/petitmagellan.com\/wp-content\/uploads\/2019\/12\/img_4425-242x300.jpg 242w, https:\/\/petitmagellan.com\/wp-content\/uploads\/2019\/12\/img_4425-826x1024.jpg 826w, https:\/\/petitmagellan.com\/wp-content\/uploads\/2019\/12\/img_4425-768x952.jpg 768w\" sizes=\"auto, (max-width: 709px) 85vw, (max-width: 909px) 67vw, (max-width: 1362px) 62vw, 840px\" \/><\/figure><\/li><\/ul><\/figure>\n\n\n\n<p>Joyeux 7 mois \u00e0 notre crevette &lt;3<\/p>\n\n\n\n<figure class=\"wp-block-gallery aligncenter columns-1 is-cropped wp-block-gallery-11 is-layout-flex wp-block-gallery-is-layout-flex\"><ul class=\"blocks-gallery-grid\"><li class=\"blocks-gallery-item\"><figure><img decoding=\"async\" src=\"https:\/\/petitmagellan.files.wordpress.com\/2019\/12\/img_4290.jpg?w=768\" alt=\"\" data-id=\"1999\" data-link=\"https:\/\/petitmagellan.com\/img_4290\/\" class=\"wp-image-1999\" \/><\/figure><\/li><\/ul><\/figure>\n","protected":false},"excerpt":{"rendered":"<p>Hugo est de plus en plus bavard : beaucoup de \u00ab\u00a0bababa\u00a0\u00bb, \u00ab\u00a0mamama\u00a0\u00bb et \u00ab\u00a0awawa\u00a0\u00bb en fond sonore tout au long de la journ\u00e9e \ud83d\ude42 Parfois, il met son poing dans la bouche en m\u00eame temps et \u00e7a donne l&rsquo;impression qu&rsquo;il parle vraiment ! Niveau motricit\u00e9, il ne montre toujours aucun int\u00e9r\u00eat pour la position assise. &hellip; <a href=\"https:\/\/petitmagellan.com\/?p=1929\" class=\"more-link\">Continuer la lecture<span class=\"screen-reader-text\"> de &laquo;&nbsp;Hugo a 7 mois&nbsp;&raquo;<\/span><\/a><\/p>\n","protected":false},"author":1,"featured_media":0,"comment_status":"open","ping_status":"open","sticky":false,"template":"","format":"standard","meta":{"footnotes":""},"categories":[2],"tags":[],"class_list":["post-1929","post","type-post","status-publish","format-standard","hentry","category-non-classe"],"_links":{"self":[{"href":"https:\/\/petitmagellan.com\/index.php?rest_route=\/wp\/v2\/posts\/1929","targetHints":{"allow":["GET"]}}],"collection":[{"href":"https:\/\/petitmagellan.com\/index.php?rest_route=\/wp\/v2\/posts"}],"about":[{"href":"https:\/\/petitmagellan.com\/index.php?rest_route=\/wp\/v2\/types\/post"}],"author":[{"embeddable":true,"href":"https:\/\/petitmagellan.com\/index.php?rest_route=\/wp\/v2\/users\/1"}],"replies":[{"embeddable":true,"href":"https:\/\/petitmagellan.com\/index.php?rest_route=%2Fwp%2Fv2%2Fcomments&post=1929"}],"version-history":[{"count":0,"href":"https:\/\/petitmagellan.com\/index.php?rest_route=\/wp\/v2\/posts\/1929\/revisions"}],"wp:attachment":[{"href":"https:\/\/petitmagellan.com\/index.php?rest_route=%2Fwp%2Fv2%2Fmedia&parent=1929"}],"wp:term":[{"taxonomy":"category","embeddable":true,"href":"https:\/\/petitmagellan.com\/index.php?rest_route=%2Fwp%2Fv2%2Fcategories&post=1929"},{"taxonomy":"post_tag","embeddable":true,"href":"https:\/\/petitmagellan.com\/index.php?rest_route=%2Fwp%2Fv2%2Ftags&post=1929"}],"curies":[{"name":"wp","href":"https:\/\/api.w.org\/{rel}","templated":true}]}}