{"id":1780,"date":"2019-11-11T18:36:49","date_gmt":"2019-11-11T17:36:49","guid":{"rendered":"http:\/\/petitmagellan.com\/?p=1780"},"modified":"2019-11-11T18:36:49","modified_gmt":"2019-11-11T17:36:49","slug":"a-la-fete-foraine","status":"publish","type":"post","link":"https:\/\/petitmagellan.com\/?p=1780","title":{"rendered":"\u00c0 la f\u00eate foraine"},"content":{"rendered":"\n<p>\u00c0 la Vogue des Marrons ce week-end, Hugo n&rsquo;a sans doute jamais vu autant de lumi\u00e8res et de couleurs de toute sa petite vie.<\/p>\n\n\n\n<figure class=\"wp-block-gallery aligncenter columns-1 is-cropped wp-block-gallery-1 is-layout-flex wp-block-gallery-is-layout-flex\"><ul class=\"blocks-gallery-grid\"><li class=\"blocks-gallery-item\"><figure><img decoding=\"async\" src=\"https:\/\/petitmagellan.files.wordpress.com\/2019\/11\/img_4184-1.jpg?w=767\" alt=\"\" data-id=\"1795\" data-link=\"https:\/\/petitmagellan.com\/img_4184-1\/\" class=\"wp-image-1795\" \/><\/figure><\/li><\/ul><\/figure>\n\n\n\n<figure class=\"wp-block-gallery aligncenter columns-1 is-cropped wp-block-gallery-2 is-layout-flex wp-block-gallery-is-layout-flex\"><ul class=\"blocks-gallery-grid\"><li class=\"blocks-gallery-item\"><figure><img decoding=\"async\" src=\"https:\/\/petitmagellan.files.wordpress.com\/2019\/11\/img_4202-1.jpg?w=1024\" alt=\"\" data-id=\"1793\" data-link=\"https:\/\/petitmagellan.com\/img_4202-1\/\" class=\"wp-image-1793\" \/><\/figure><\/li><\/ul><\/figure>\n\n\n\n<figure class=\"wp-block-gallery aligncenter columns-2 is-cropped wp-block-gallery-3 is-layout-flex wp-block-gallery-is-layout-flex\"><ul class=\"blocks-gallery-grid\"><li class=\"blocks-gallery-item\"><figure><img decoding=\"async\" src=\"https:\/\/petitmagellan.files.wordpress.com\/2019\/11\/img_4188-1.jpg?w=795\" alt=\"\" data-id=\"1792\" data-link=\"https:\/\/petitmagellan.com\/img_4188-1\/\" class=\"wp-image-1792\" \/><\/figure><\/li><li class=\"blocks-gallery-item\"><figure><img decoding=\"async\" src=\"https:\/\/petitmagellan.files.wordpress.com\/2019\/11\/img_4195-1.jpg?w=765\" alt=\"\" data-id=\"1785\" data-link=\"https:\/\/petitmagellan.com\/img_4195-1\/\" class=\"wp-image-1785\" \/><\/figure><\/li><\/ul><\/figure>\n\n\n\n<figure class=\"wp-block-gallery aligncenter columns-1 is-cropped wp-block-gallery-4 is-layout-flex wp-block-gallery-is-layout-flex\"><ul class=\"blocks-gallery-grid\"><li class=\"blocks-gallery-item\"><figure><img decoding=\"async\" src=\"https:\/\/petitmagellan.files.wordpress.com\/2019\/11\/img_4203.jpg?w=1024\" alt=\"\" data-id=\"1786\" data-link=\"https:\/\/petitmagellan.com\/img_4203\/\" class=\"wp-image-1786\" \/><\/figure><\/li><\/ul><\/figure>\n\n\n\n<p>Et pourtant, malgr\u00e9 les cris des enfants et le bruit des man\u00e8ges tout autour, il a r\u00e9ussi \u00e0 s&rsquo;endormir.<\/p>\n\n\n\n<figure class=\"wp-block-gallery aligncenter columns-1 is-cropped wp-block-gallery-5 is-layout-flex wp-block-gallery-is-layout-flex\"><ul class=\"blocks-gallery-grid\"><li class=\"blocks-gallery-item\"><figure><img loading=\"lazy\" decoding=\"async\" width=\"2309\" height=\"2459\" src=\"https:\/\/petitmagellan.files.wordpress.com\/2019\/11\/img_4206.jpg?w=962\" alt=\"\" data-id=\"1789\" data-link=\"https:\/\/petitmagellan.com\/img_4206\/\" class=\"wp-image-1789\" srcset=\"https:\/\/petitmagellan.com\/wp-content\/uploads\/2019\/11\/img_4206.jpg 2309w, https:\/\/petitmagellan.com\/wp-content\/uploads\/2019\/11\/img_4206-282x300.jpg 282w, https:\/\/petitmagellan.com\/wp-content\/uploads\/2019\/11\/img_4206-962x1024.jpg 962w, https:\/\/petitmagellan.com\/wp-content\/uploads\/2019\/11\/img_4206-768x818.jpg 768w, https:\/\/petitmagellan.com\/wp-content\/uploads\/2019\/11\/img_4206-1442x1536.jpg 1442w, https:\/\/petitmagellan.com\/wp-content\/uploads\/2019\/11\/img_4206-1923x2048.jpg 1923w\" sizes=\"auto, (max-width: 709px) 85vw, (max-width: 909px) 67vw, (max-width: 1362px) 62vw, 840px\" \/><\/figure><\/li><\/ul><\/figure>\n\n\n\n<p>Le sommeil des b\u00e9b\u00e9s et ses myst\u00e8res !!<\/p>\n","protected":false},"excerpt":{"rendered":"<p>\u00c0 la Vogue des Marrons ce week-end, Hugo n&rsquo;a sans doute jamais vu autant de lumi\u00e8res et de couleurs de toute sa petite vie. Et pourtant, malgr\u00e9 les cris des enfants et le bruit des man\u00e8ges tout autour, il a r\u00e9ussi \u00e0 s&rsquo;endormir. Le sommeil des b\u00e9b\u00e9s et ses myst\u00e8res !!<\/p>\n","protected":false},"author":1,"featured_media":0,"comment_status":"open","ping_status":"open","sticky":false,"template":"","format":"standard","meta":{"footnotes":""},"categories":[2],"tags":[],"class_list":["post-1780","post","type-post","status-publish","format-standard","hentry","category-non-classe"],"_links":{"self":[{"href":"https:\/\/petitmagellan.com\/index.php?rest_route=\/wp\/v2\/posts\/1780","targetHints":{"allow":["GET"]}}],"collection":[{"href":"https:\/\/petitmagellan.com\/index.php?rest_route=\/wp\/v2\/posts"}],"about":[{"href":"https:\/\/petitmagellan.com\/index.php?rest_route=\/wp\/v2\/types\/post"}],"author":[{"embeddable":true,"href":"https:\/\/petitmagellan.com\/index.php?rest_route=\/wp\/v2\/users\/1"}],"replies":[{"embeddable":true,"href":"https:\/\/petitmagellan.com\/index.php?rest_route=%2Fwp%2Fv2%2Fcomments&post=1780"}],"version-history":[{"count":0,"href":"https:\/\/petitmagellan.com\/index.php?rest_route=\/wp\/v2\/posts\/1780\/revisions"}],"wp:attachment":[{"href":"https:\/\/petitmagellan.com\/index.php?rest_route=%2Fwp%2Fv2%2Fmedia&parent=1780"}],"wp:term":[{"taxonomy":"category","embeddable":true,"href":"https:\/\/petitmagellan.com\/index.php?rest_route=%2Fwp%2Fv2%2Fcategories&post=1780"},{"taxonomy":"post_tag","embeddable":true,"href":"https:\/\/petitmagellan.com\/index.php?rest_route=%2Fwp%2Fv2%2Ftags&post=1780"}],"curies":[{"name":"wp","href":"https:\/\/api.w.org\/{rel}","templated":true}]}}